{"id":421,"date":"2024-05-06T06:38:31","date_gmt":"2024-05-06T06:38:31","guid":{"rendered":"https:\/\/ondarebizia.deusto.es\/?p=421"},"modified":"2024-05-06T08:42:46","modified_gmt":"2024-05-06T08:42:46","slug":"joseba-solabarrieta-venezuela-estatu-batua-1958-1981","status":"publish","type":"post","link":"https:\/\/ondarebizia.deusto.es\/eu\/joseba-solabarrieta-venezuela-estatu-batua-1958-1981\/","title":{"rendered":"JOSEBA SOLABARRIETA [Venezuela, Estatu Batua ,1958-1981]"},"content":{"rendered":"<div class=\"wp-block-media-text alignwide is-stacked-on-mobile\"><figure class=\"wp-block-media-text__media\"><img decoding=\"async\" src=\"\" alt=\"\" class=\"wp-image-0 size-full\"\/><\/figure><div class=\"wp-block-media-text__content\"><p><strong>Elkarrizketaren data:<\/strong> 2013\/03\/15<\/p><p><strong>Elkarrizketatua:<\/strong> Joseba Mirena Solabarrieta Aznar<\/p><p><strong>Ikertzailea:<\/strong> Ainara Arozena Albaya<\/p><p><strong>Hizkuntza:<\/strong> Espa\u00f1ol \/ Gaztelania<\/p><\/div><\/div><hr class=\"wp-block-separator has-alpha-channel-opacity\"\/><div class=\"wp-block-group alignfull descripcion-completa is-layout-constrained wp-block-group-is-layout-constrained\" id=\"descripcion-completa\"><h3 class='wp-block-heading'>Deskribapena<\/h3><p>Los padres de Joseba Solabarrieta salieron muy j&oacute;venes de Euskadi como exiliados. Joseba cuenta que su abuelo materno era parte del gobierno de Jos&eacute; Antonio Aguirre y su abuelo paterno era el Alcalde de Ondarroa, por lo que ambas familias tuvieron que salir. &ldquo;Todos las propiedades de ellos se las quitaron: los bienes que ten&iacute;an, cuadros, plater&iacute;a y despu&eacute;s para recuperarlo tuvieron que pagar.&rdquo; La familia del padre sali&oacute; primero a Francia y despu&eacute;s a B&eacute;lgica, desde donde, transcurridos dos a&ntilde;os se fueron a Venezuela. Primero, el abuelo paterno de Joseba, que trabaj&oacute; en Cuman&aacute;, una empresa relacionada con la pesca. Alg&uacute;n tiempo despu&eacute;s, los cinco hermanos (el padre de Joseba, Milagros, Imanol, Bittor y Austin). All&iacute;, el padre de Joseba trabaj&oacute; en una zapater&iacute;a en la que le fue bastante bien y finalmente mont&oacute; una compa&ntilde;&iacute;a de construcci&oacute;n. Tuvo que viajar mucho por el pa&iacute;s, ya que llev&oacute; a cabo un proyecto del Ministerio de Justicia para reconstruir iglesias, y tuvo la oportunidad de relacionarse en su trabajo con venezolanos e italianos, con los que tuvo muy buena relaci&oacute;n. En cuanto a la madre de Joseba, ella y su familia viv&iacute;an en lo que actualmente es el barrio San Francisco, en Bilbao. Seg&uacute;n relata Joseba, hab&iacute;a una peque&ntilde;a &ldquo;playa&rdquo; a la que llegaban las barcas por la r&iacute;a. &ldquo;Mi abuelo dec&iacute;a que una vez lo vinieron a buscar (&hellip;) y se salv&oacute; porque mi ama que era una ni&ntilde;a vino gritando &ldquo;aita, aita&rdquo; y los otros se fueron. Ah&iacute; se tuvo que escapar.&rdquo; La madre de Joseba sali&oacute; de Euskadi con 7 a&ntilde;os, en un barco en el que mandaban a los ni&ntilde;os a Inglaterra. Sus padres fueron a Par&iacute;s, donde formaron el Gobierno Vasco, y un tiempo despu&eacute;s toda la familia se reuni&oacute; y marcharon hacia M&eacute;xico, donde estuvieron un tiempo para despu&eacute;s irse a Venezuela, momento para el cual la madre de Joseba ya ten&iacute;a 18 a&ntilde;os. Teniendo en cuenta que hab&iacute;a vivido en Francia e Inglaterra, era triling&uuml;e, por lo que r&aacute;pidamente encontr&oacute; trabajo. Sin embargo, al de un tiempo tuvo que dejarlo por problemas de audici&oacute;n.Los padres de Joseba, como tantos emigrantes, eran asiduos al Centro Vasco de Truco a Balconcito. Se conocieron en el &Aacute;vila y al poco tiempo contrajeron matrimonio, fruto del cual nacieron Joseba (el 29 de noviembre de 1958) y sus hermanas. Despu&eacute;s, en el Centro Vasco del Para&iacute;so, la madre de Joseba fue presidenta de Emakume Abertzale Batza, con el que iban todos los jueves a tejer para gente pobre. A sus hijos les inculcaban el sentimiento vasco: &ldquo;Bueno, nos metieron Euskadi intravenoso, hay que ir al Centro Vasco. Aberri Eguna hab&iacute;a que ir t&uacute; sabes a levantar el pie y bailar espatadantza, bueno vivimos lo vasco. Era un ambiente muy bonito y muy bueno&rdquo;.Joseba creci&oacute; yendo al Centro Vasco los fines de semana y al colegio Champagnan, en Chacao, de lunes a viernes, en el que sinti&oacute; muy integrado con sus compa&ntilde;eros venezolanos. En el a&ntilde;o 1964, teniendo Joseba casi 6 a&ntilde;os, visit&oacute; por primera vez Euskadi. Despu&eacute;s volvi&oacute; con la edad de 16 a&ntilde;os, para una estancia de dos meses que se alarg&oacute; hasta los ocho meses. Estudi&oacute; Ingenier&iacute;a Mec&aacute;nica en la Universidad Metropolitana en Venezuela, tras lo cual consigui&oacute; una beca y se fue a Estados Unidos a estudiar aviaci&oacute;n, primero en San Francisco y despu&eacute;s en Los &Aacute;ngeles. Tras ese periodo en Estados Unidos, Joseba regres&oacute; a Venezuela y comenz&oacute; a trabajar en Viasa, donde estuvo 9 a&ntilde;os. Fue en ese periodo de tiempo, durante una visita a Euskadi, que Joseba coincidi&oacute; en Ondarroa con Aintzane, que tambi&eacute;n hab&iacute;a vivido en Venezuela y de la que se enamor&oacute;. Ese a&ntilde;o, Joseba vendr&iacute;a hasta 14 veces para visitar a su novia, hasta que decidi&oacute; venir a Euskadi definitivamente. Al venir aqu&iacute;, ambos lo pasaron muy mal: &ldquo;Vine con la idea de eso, de buscar trabajo, pero lo pas&eacute; mal. S&iacute;, la familia te recibe bien pero no hay mucho apoyo al que viene de afuera. (&hellip;) La plata que hab&iacute;a sacado de Viasa, mis prestaciones, me las jal&eacute;.&rdquo; As&iacute; es que Joseba y Aintzane decidieron regresar a Venezuela, se casaron y se fueron de luna de miel a Cuba. De vuelta en Venezuela, Aintzane encontr&oacute; trabajo r&aacute;pidamente y Joseba mont&oacute; un restaurante con Koldo Urrutia, la Casa Urrutia de las Mercedes. En esa &eacute;poca, Joseba y su familia sufrieron varios incidentes como atracos y ataques violentos, por lo que decidieron volver a Euskadi, a vivir a Donostia, teniendo su hijo Kepa 7 a&ntilde;os y Oier 6.En cuanto al retorno, Joseba admite que vinieron por sus hijos, para criarlos en un ambiente m&aacute;s seguro, por lo que les ha resultado una buena experiencia. Siente que en Venezuela ten&iacute;a a sus amigos y se re&iacute;a m&aacute;s, que aqu&iacute; les est&aacute; costando integrarse, pero que ha encontrado la tranquilidad. Tambi&eacute;n opina que la gente era m&aacute;s euskaldun en Venezuela que en Euskadi, ya que aqu&iacute; se ha perdido mucho, especialmente en las capitales.Actualmente, Joseba tiene varios familiares en Venezuela y visita el pa&iacute;s una vez al a&ntilde;o, por el que siente un gran apego: &ldquo;Llega un momento cuando est&aacute;s all&aacute; que quieres Euskadi y cuando te vienes aqu&iacute;, quieres Venezuela. (&hellip;) Somos &ldquo;h&iacute;bridos&rdquo;, somos de all&iacute; y somos de ac&aacute;, pero en definitiva no somos de ning&uacute;n lado, esa es la gran realidad.&rdquo;<\/p><\/div><h3 class=\"wp-block-heading\">Elkarrizketatuaren helmugako lekua(k)<\/h3><div class=\"wp-block-group grupoEntrevista is-layout-flow wp-block-group-is-layout-flow\"><p><strong>Elkarrizketatuaren helmugako udalerria:<\/strong> San Francisco<\/p><p><strong>Elkarrizketatuaren helmugako herrialdea:<\/strong> Estatu Batuak \/ Estados Unidos \/ United States<\/p><p><strong>Elkarrizketatuaren helmugako eskualdea:<\/strong> Kalifornia \/ California<\/p><\/div><div class=\"wp-block-group grupoEntrevista is-layout-flow wp-block-group-is-layout-flow\"><p><strong>Elkarrizketatuaren helmugako udalerria:<\/strong> Caracas<\/p><p><strong>Elkarrizketatuaren helmugako herrialdea:<\/strong> Venezuela<\/p><p><strong>Elkarrizketatuaren helmugako eskualdea:<\/strong> Distrito Capital<\/p><\/div><hr class=\"wp-block-separator has-alpha-channel-opacity\"\/><h3 class=\"wp-block-heading\">Data garrantzitsuak<\/h3><div class=\"wp-block-group grupoEntrevista is-layout-flow wp-block-group-is-layout-flow\"><p><strong>Urtea:<\/strong> 1981<\/p><p><strong>Gertaera:<\/strong> Muere su abuela paterna (estaba viviendo en EEUU)<\/p><\/div><div class=\"wp-block-group grupoEntrevista is-layout-flow wp-block-group-is-layout-flow\"><p><strong>Urtea:<\/strong> 1986<\/p><p><strong>Gertaera:<\/strong> Aintzane se va a Euskadi<\/p><\/div><div class=\"wp-block-group grupoEntrevista is-layout-flow wp-block-group-is-layout-flow\"><p><strong>Urtea:<\/strong> 1992<\/p><p><strong>Gertaera:<\/strong> Aintzane se va a Venezuela (enero)<\/p><\/div><div class=\"wp-block-group grupoEntrevista is-layout-flow wp-block-group-is-layout-flow\"><p><strong>Urtea:<\/strong> 1990<\/p><p><strong>Gertaera:<\/strong> Viene a Euskadi (noviembre)<\/p><\/div><div class=\"wp-block-group grupoEntrevista is-layout-flow wp-block-group-is-layout-flow\"><p><strong>Urtea:<\/strong> 1992<\/p><p><strong>Gertaera:<\/strong> Contrae matrimonio (agosto)<\/p><\/div><div class=\"wp-block-group grupoEntrevista is-layout-flow wp-block-group-is-layout-flow\"><p><strong>Urtea:<\/strong> 1964<\/p><p><strong>Gertaera:<\/strong> Viene con la familia a Euskadi<\/p><\/div><div class=\"wp-block-group grupoEntrevista is-layout-flow wp-block-group-is-layout-flow\"><p><strong>Urtea:<\/strong> 1992<\/p><p><strong>Gertaera:<\/strong> Se abre el restaurante &#8220;Casa Urrutia de las Mercedes &#8221; (noviembre)<\/p><\/div><div class=\"wp-block-group grupoEntrevista is-layout-flow wp-block-group-is-layout-flow\"><p><strong>Urtea:<\/strong> 1991<\/p><p><strong>Gertaera:<\/strong> Se va a Venezuela (septiembre)<\/p><\/div><div class=\"wp-block-group grupoEntrevista is-layout-flow wp-block-group-is-layout-flow\"><p><strong>Urtea:<\/strong> 1979<\/p><p><strong>Gertaera:<\/strong> Muere su abuelo materno<\/p><\/div><div class=\"wp-block-group grupoEntrevista is-layout-flow wp-block-group-is-layout-flow\"><p><strong>Urtea:<\/strong> 1982<\/p><p><strong>Gertaera:<\/strong> Muere su abuela materna<\/p><\/div><hr class=\"wp-block-separator has-alpha-channel-opacity\"\/><h3 class=\"wp-block-heading\">Elkarrizketatuaren jatorria<\/h3><p><strong>Elkarrizketa zein herrialdetan egin den:<\/strong> Venezuela<\/p><p><strong>Elkarrizketa zein eskualdetan egin den:<\/strong> Distrito Capital<\/p><p><strong>Elkarrizketa zein udalerritan egin den:<\/strong> Caracas<\/p><hr class=\"wp-block-separator has-alpha-channel-opacity\"\/><h3 class=\"wp-block-heading\">Elkarrizketa non egina<\/h3><p><strong>Elkarrizketa zein herrialdetan egin den:<\/strong> Euskadi<\/p><p><strong>Elkarrizketa zein eskualdetan egin den:<\/strong> Bizkaia<\/p><p><strong>Elkarrizketa zein udalerritan egin den:<\/strong> Bakio<\/p><hr class=\"wp-block-separator has-alpha-channel-opacity\"\/><h3 class=\"wp-block-heading\"><\/h3><p><strong>Elkarrizketan aipatutako pertsonak:<\/strong> &#8221; \tChiquito de Bolivar\t &#8220;, &#8221; \tEl Chino\t &#8220;, Ainhoa\t \tElguezabal, Aintzane\t \tEgues, Alazne\t \tSolabarrieta, Amaya\t \tLopetegui, Bego\u00f1a\t \tAretxabaleta, Bittor \t \tSolabarrieta, Cilina\t \tVentata, Domeka\t \tEtxarte, Elisabeth\t \tSolabarrieta, Ferm\u00edn\t \tAldanondo, Francisco\t \tUrresti, Gorka\t \tEtxarte, Gotzon\t \tLakatza, Iker\t \tMaguregi, Imanol\t \tSolabarrieta, Isasti, Itxaro\t \tEgues, I\u00f1aki\t \tAznar, Jon\t \tAretxabaleta, Jon \t \tUrrutia, Josean\t \tElguezabal, Joseba\t \tSolabarrieta, Jos\u00e9 Le\u00f3n\t \tUrcelay, Jos\u00e9 Mari \t \tSolabarrieta, Karmele \t \tUrresti, Katxalin\t \tElguezabal, Kepa\t \tSolabarrieta, Kepa \t \tAchurra, Koldo\t \tUrrutia, Koldo\t \tZugadi, Libe\t \tAretxabaleta, Lucio\t \tAretxabaleta, Miguel \u00c1ngel\t \tOrmaechea, Milagros\t \tSolabarrieta, Miren\t \tSolabarrieta, Miren\t \tTerese, Oier\t \tSolabarrieta, Salomon\t \tCohen, Santi \t \tAznar, Santiago\t \tAznar, Vicente\t \tTepedi\u00f1o<\/p><p><strong>Elkarrizketan aipatutako lekuak:<\/strong> Paris, Valencia, M\u00e9xico, San Francisco, Panam\u00e1, Anaco ( Estado de Anzo\u00e1tegui ), Barrio San Francisco ( Bilbao ), Bartzelona\t \/ \tBarcelona, Belgika\t \/ \tB\u00e9lgica\t \/ \tBelgique \/ Belgi\u00eb, Biarritz, Calle Marsana, Catia del Mar, Centro Comercial Sambil (Caracas), Centro Vasco &#8220;El Para\u00edso&#8221;, Centro Vasco (De Truco a Balconcito), Chacao, Chichiriviche, Colegio Champagnan (Caracas), Colegio San Ignacio (Caracas), Colegio de La Salle (Caracas), Cota Mil (Caracas), Donostia\t \/ \tSan Sebasti\u00e1n, El silencio (Caracas), Frantzia\t \/ \tFrancia\t \/ \tFrance, Iglesia de San Jos\u00e9 de Tarbes (Caracas), Ingalaterra\t \/ \tInglaterra\t \/ \tEngland, Kuba\t \/ \tCuba, La Candelaria (Caracas), La Estancia (Urbanizaci\u00f3n) (Caracas), La Floresta (Urbanizaci\u00f3n) (Caracas), La Guaira, La Pastora (Caracas), Las Mercedes (ca\u00f1aberal), Los Angeles, Los Teques, Maiquetia Sim\u00f3n bol\u00edvar (aeropuerto de Caracas), New York\t \/ \tNueva York, Obelisco de Altamira (Caracas), Papel\u00f3n (Parque Nacional), Portugalete, Pr\u00f3ceres (Caracas), Restaurante Casa Urrutia de las Mercedes, Restaurante Penalty (Ondarroa), Restaurante Urrutia (Ondarroa), Santa M\u00f3nica (Caracas), Santa M\u00f3nica (M\u00e9xico), Tacoa (estado de Vargas, Venezuela), Torre del Oro (Caracas), Universidad Antonio Jos\u00e9 Sucre (Caracas), Universidad Central (Caracas), Universidad Metropolitana (Caracas), Viasa (aerol\u00ednea venezolana), Midi (Regi\u00f3n del sur de Francia)\t \/ \tMediod\u00eda franc\u00e9s, Procter and Gamble (empresa multinacional, Venezuela)<\/p><hr class=\"wp-block-separator has-alpha-channel-opacity\"\/><p><strong>Kategoriak:<\/strong><ul class=\"post-categories\"><li><a href=\"https:\/\/ondarebizia.deusto.es\/category\/aberri-eguna\/\" title=\"Aberri Eguna\">Aberri Eguna<\/a><\/li><li><a href=\"https:\/\/ondarebizia.deusto.es\/eu\/category\/adiskideak-eta-harremanak\/\" title=\"Adiskideak eta harremanak\">Adiskideak eta harremanak<\/a><\/li><li><a href=\"https:\/\/ondarebizia.deusto.es\/eu\/category\/aisia-eta-astialdia\/\" title=\"Aisia eta astialdia\">Aisia eta astialdia<\/a><\/li><li><a href=\"https:\/\/ondarebizia.deusto.es\/eu\/category\/aisia-jaiak-eta-folklorea\/\" title=\"Aisia, jaiak eta folklorea\">Aisia, jaiak eta folklorea<\/a><\/li><li><a href=\"https:\/\/ondarebizia.deusto.es\/category\/amistades-y-relaciones\/\" title=\"Amistades y relaciones\">Amistades y relaciones<\/a><\/li><li><a href=\"https:\/\/ondarebizia.deusto.es\/category\/asociaciones-y-centros-vascos\/\" title=\"Asociaciones y centros vascos\">Asociaciones y centros vascos<\/a><\/li><li><a href=\"https:\/\/ondarebizia.deusto.es\/eu\/category\/balioak\/\" title=\"Balioak\">Balioak<\/a><\/li><li><a href=\"https:\/\/ondarebizia.deusto.es\/eu\/category\/beste-batzuk\/\" title=\"Beste batzuk\">Beste batzuk<\/a><\/li><li><a href=\"https:\/\/ondarebizia.deusto.es\/eu\/category\/beste-herrialde-batean-bizitzea\/\" title=\"Beste herrialde batean bizitzea\">Beste herrialde batean bizitzea<\/a><\/li><li><a href=\"https:\/\/ondarebizia.deusto.es\/category\/cocina-vasca\/\" title=\"Cocina vasca\">Cocina vasca<\/a><\/li><li><a href=\"https:\/\/ondarebizia.deusto.es\/category\/deporte\/\" title=\"Deporte\">Deporte<\/a><\/li><li><a href=\"https:\/\/ondarebizia.deusto.es\/category\/dictadura-franquista\/\" title=\"Dictadura franquista\">Dictadura franquista<\/a><\/li><li><a href=\"https:\/\/ondarebizia.deusto.es\/category\/educacion\/\" title=\"Educaci\u00f3n\">Educaci\u00f3n<\/a><\/li><li><a href=\"https:\/\/ondarebizia.deusto.es\/eu\/category\/erbestealdia\/\" title=\"Erbestealdia\">Erbestealdia<\/a><\/li><li><a href=\"https:\/\/ondarebizia.deusto.es\/eu\/category\/espainiako-gerra-zibila\/\" title=\"Espainiako Gerra Zibila\">Espainiako Gerra Zibila<\/a><\/li><li><a href=\"https:\/\/ondarebizia.deusto.es\/eu\/category\/euskal-sukaldaritza\/\" title=\"Euskal sukaldaritza\">Euskal sukaldaritza<\/a><\/li><li><a href=\"https:\/\/ondarebizia.deusto.es\/eu\/category\/euskaldunen-elkarteak-eta-euskal-etxeak\/\" title=\"Euskaldunen elkarteak eta euskal etxeak\">Euskaldunen elkarteak eta euskal etxeak<\/a><\/li><li><a href=\"https:\/\/ondarebizia.deusto.es\/eu\/category\/euskaldunen-komunitatea\/\" title=\"Euskaldunen komunitatea\">Euskaldunen komunitatea<\/a><\/li><li><a href=\"https:\/\/ondarebizia.deusto.es\/category\/exilio\/\" title=\"Exilio\">Exilio<\/a><\/li><li><a href=\"https:\/\/ondarebizia.deusto.es\/eu\/category\/francoren-diktadura\/\" title=\"Francoren diktadura\">Francoren diktadura<\/a><\/li><li><a href=\"https:\/\/ondarebizia.deusto.es\/category\/gastronomia\/\" title=\"Gastronom\u00eda\">Gastronom\u00eda<\/a><\/li><li><a href=\"https:\/\/ondarebizia.deusto.es\/category\/guerra-civil-espanola\/\" title=\"Guerra Civil Espa\u00f1ola\">Guerra Civil Espa\u00f1ola<\/a><\/li><li><a href=\"https:\/\/ondarebizia.deusto.es\/eu\/category\/haurtzaroa-gaztaroa\/\" title=\"Haurtzaroa\/gaztaroa\">Haurtzaroa\/gaztaroa<\/a><\/li><li><a href=\"https:\/\/ondarebizia.deusto.es\/eu\/category\/hezkuntza\/\" title=\"Hezkuntza\">Hezkuntza<\/a><\/li><li><a href=\"https:\/\/ondarebizia.deusto.es\/category\/infancia-juventud\/\" title=\"Infancia\/juventud\">Infancia\/juventud<\/a><\/li><li><a href=\"https:\/\/ondarebizia.deusto.es\/eu\/category\/kirolak\/\" title=\"Kirolak\">Kirolak<\/a><\/li><li><a href=\"https:\/\/ondarebizia.deusto.es\/category\/la-comunidad-vasca\/\" title=\"La comunidad vasca\">La comunidad vasca<\/a><\/li><li><a href=\"https:\/\/ondarebizia.deusto.es\/category\/ocio-y-tiempo-libre\/\" title=\"Ocio y tiempo libre\">Ocio y tiempo libre<\/a><\/li><li><a href=\"https:\/\/ondarebizia.deusto.es\/category\/ocio-fiestas-y-folklore\/\" title=\"Ocio, fiestas y folklore\">Ocio, fiestas y folklore<\/a><\/li><li><a href=\"https:\/\/ondarebizia.deusto.es\/category\/otros\/\" title=\"Otros\">Otros<\/a><\/li><li><a href=\"https:\/\/ondarebizia.deusto.es\/category\/pelota\/\" title=\"Pelota\">Pelota<\/a><\/li><li><a href=\"https:\/\/ondarebizia.deusto.es\/eu\/category\/pilota\/\" title=\"Pilota\">Pilota<\/a><\/li><li><a href=\"https:\/\/ondarebizia.deusto.es\/category\/politica\/\" title=\"Pol\u00edtica\">Pol\u00edtica<\/a><\/li><li><a href=\"https:\/\/ondarebizia.deusto.es\/eu\/category\/politika\/\" title=\"Pol\u00edtika\">Pol\u00edtika<\/a><\/li><li><a href=\"https:\/\/ondarebizia.deusto.es\/category\/seguridad\/\" title=\"Seguridad\">Seguridad<\/a><\/li><li><a href=\"https:\/\/ondarebizia.deusto.es\/eu\/category\/segurtasuna\/\" title=\"Segurtasuna\">Segurtasuna<\/a><\/li><li><a href=\"https:\/\/ondarebizia.deusto.es\/category\/valores\/\" title=\"Valores\">Valores<\/a><\/li><li><a href=\"https:\/\/ondarebizia.deusto.es\/category\/vivir-en-otro-pais\/\" title=\"Vivir en otro pa\u00eds\">Vivir en otro pa\u00eds<\/a><\/li><\/ul>","protected":false},"excerpt":{"rendered":"<p>Elkarrizketaren data: 2013\/03\/15 Elkarrizketatua: Joseba Mirena Solabarrieta Aznar Ikertzailea: Ainara Arozena Albaya Hizkuntza: Espa\u00f1ol \/ Gaztelania Deskribapena Los padres de [&hellip;]<\/p>\n","protected":false},"author":1,"featured_media":0,"comment_status":"closed","ping_status":"closed","sticky":false,"template":"","format":"standard","meta":{"site-sidebar-layout":"default","site-content-layout":"","ast-site-content-layout":"default","site-content-style":"default","site-sidebar-style":"default","ast-global-header-display":"","ast-banner-title-visibility":"","ast-main-header-display":"","ast-hfb-above-header-display":"","ast-hfb-below-header-display":"","ast-hfb-mobile-header-display":"","site-post-title":"","ast-breadcrumbs-content":"","ast-featured-img":"","footer-sml-layout":"","ast-disable-related-posts":"","theme-transparent-header-meta":"","adv-header-id-meta":"","stick-header-meta":"","header-above-stick-meta":"","header-main-stick-meta":"","header-below-stick-meta":"","astra-migrate-meta-layouts":"default","ast-page-background-enabled":"default","ast-page-background-meta":{"desktop":{"background-color":"var(--ast-global-color-4)","background-image":"","background-repeat":"repeat","background-position":"center center","background-size":"auto","background-attachment":"scroll","background-type":"","background-media":"","overlay-type":"","overlay-color":"","overlay-opacity":"","overlay-gradient":""},"tablet":{"background-color":"","background-image":"","background-repeat":"repeat","background-position":"center center","background-size":"auto","background-attachment":"scroll","background-type":"","background-media":"","overlay-type":"","overlay-color":"","overlay-opacity":"","overlay-gradient":""},"mobile":{"background-color":"","background-image":"","background-repeat":"repeat","background-position":"center center","background-size":"auto","background-attachment":"scroll","background-type":"","background-media":"","overlay-type":"","overlay-color":"","overlay-opacity":"","overlay-gradient":""}},"ast-content-background-meta":{"desktop":{"background-color":"var(--ast-global-color-5)","background-image":"","background-repeat":"repeat","background-position":"center center","background-size":"auto","background-attachment":"scroll","background-type":"","background-media":"","overlay-type":"","overlay-color":"","overlay-opacity":"","overlay-gradient":""},"tablet":{"background-color":"var(--ast-global-color-5)","background-image":"","background-repeat":"repeat","background-position":"center center","background-size":"auto","background-attachment":"scroll","background-type":"","background-media":"","overlay-type":"","overlay-color":"","overlay-opacity":"","overlay-gradient":""},"mobile":{"background-color":"var(--ast-global-color-5)","background-image":"","background-repeat":"repeat","background-position":"center center","background-size":"auto","background-attachment":"scroll","background-type":"","background-media":"","overlay-type":"","overlay-color":"","overlay-opacity":"","overlay-gradient":""}},"footnotes":""},"categories":[117,277,559,206,18,12,1002,317,210,673,254,121,19,212,208,724,355,356,120,213,615,14,217,278,26,275,13,220,71,21,360,490,449,489,518,1263,819,15],"tags":[],"class_list":["post-421","post","type-post","status-publish","format-standard","hentry","category-aberri-eguna","category-adiskideak-eta-harremanak","category-aisia-eta-astialdia","category-aisia-jaiak-eta-folklorea","category-amistades-y-relaciones","category-asociaciones-y-centros-vascos","category-balioak","category-beste-batzuk","category-beste-herrialde-batean-bizitzea","category-cocina-vasca","category-deporte","category-dictadura-franquista","category-educacion","category-erbestealdia","category-espainiako-gerra-zibila","category-euskal-sukaldaritza","category-euskaldunen-elkarteak-eta-euskal-etxeak","category-euskaldunen-komunitatea","category-exilio","category-francoren-diktadura","category-gastronomia","category-guerra-civil-espanola","category-haurtzaroa-gaztaroa","category-hezkuntza","category-infancia-juventud","category-kirolak","category-la-comunidad-vasca","category-ocio-y-tiempo-libre","category-ocio-fiestas-y-folklore","category-otros","category-pelota","category-pilota","category-politica","category-politika","category-seguridad","category-segurtasuna","category-valores","category-vivir-en-otro-pais","pais-de-destino-del-entrevistado-estatu-batuak-estados-unidos-united-states-eu","pais-de-destino-del-entrevistado-venezuela-eu","ciudad-o-municipio-de-destino-de-caracas-eu","pais-del-entrevistado-a-venezuela-eu","ciudad-o-municipio-del-entrevist-caracas-eu","personas-citadas-chiquito-de-bolivar-eu","personas-citadas-el-chino-eu","personas-citadas-ainhoa-elguezabal-eu","personas-citadas-aintzane-egues-eu","personas-citadas-alazne-solabarrieta-eu","personas-citadas-amaya-lopetegui-eu","personas-citadas-begona-aretxabaleta-eu","personas-citadas-bittor-solabarrieta-eu","personas-citadas-cilina-ventata-eu","personas-citadas-domeka-etxarte-eu","personas-citadas-elisabeth-solabarrieta-eu","personas-citadas-fermin-aldanondo-eu","personas-citadas-francisco-urresti-eu","personas-citadas-gorka-etxarte-eu","personas-citadas-gotzon-lakatza-eu","personas-citadas-iker-maguregi-eu","personas-citadas-imanol-solabarrieta-eu","personas-citadas-inaki-aznar-eu","personas-citadas-isasti-eu","personas-citadas-itxaro-egues-eu","personas-citadas-jon-aretxabaleta-eu","personas-citadas-jon-urrutia-eu","personas-citadas-jose-leon-urcelay-eu","personas-citadas-jose-mari-solabarrieta-eu","personas-citadas-josean-elguezabal-eu","personas-citadas-joseba-solabarrieta-eu","personas-citadas-karmele-urresti-eu","personas-citadas-katxalin-elguezabal-eu","personas-citadas-kepa-achurra-eu","personas-citadas-kepa-solabarrieta-eu","personas-citadas-koldo-urrutia-eu","personas-citadas-koldo-zugadi-eu","personas-citadas-libe-aretxabaleta-eu","personas-citadas-lucio-aretxabaleta-eu","personas-citadas-miguel-angel-ormaechea-eu","personas-citadas-milagros-solabarrieta-eu","personas-citadas-miren-solabarrieta-eu","personas-citadas-miren-terese-eu","personas-citadas-oier-solabarrieta-eu","personas-citadas-salomon-cohen-eu","personas-citadas-santi-aznar-eu","personas-citadas-santiago-aznar-eu","personas-citadas-vicente-tepedino-eu","lugares-citados-anaco-estado-de-anzoategui-eu","lugares-citados-barrio-san-francisco-bilbao-eu","lugares-citados-bartzelona-barcelona-eu","lugares-citados-belgika-belgica-belgique-belgie-eu","lugares-citados-biarritz-eu","lugares-citados-calle-marsana-eu","lugares-citados-catia-del-mar-eu","lugares-citados-centro-comercial-sambil-caracas-eu","lugares-citados-centro-vasco-el-paraiso-eu","lugares-citados-centro-vasco-de-truco-a-balconcito-eu","lugares-citados-chacao-eu","lugares-citados-chichiriviche-eu","lugares-citados-colegio-champagnan-caracas-eu","lugares-citados-colegio-de-la-salle-caracas-eu","lugares-citados-colegio-san-ignacio-caracas-eu","lugares-citados-cota-mil-caracas-eu","lugares-citados-donostia-san-sebastian-eu","lugares-citados-el-silencio-caracas-eu","lugares-citados-frantzia-francia-france-eu","lugares-citados-iglesia-de-san-jose-de-tarbes-caracas-eu","lugares-citados-ingalaterra-inglaterra-england-eu","lugares-citados-kuba-cuba-eu","lugares-citados-la-candelaria-caracas-eu","lugares-citados-la-estancia-urbanizacion-caracas-eu","lugares-citados-la-floresta-urbanizacion-caracas-eu","lugares-citados-la-guaira-eu","lugares-citados-la-pastora-caracas-eu","lugares-citados-las-mercedes-canaberal-eu","lugares-citados-los-angeles-eu","lugares-citados-los-teques-eu","lugares-citados-maiquetia-simon-bolivar-aeropuerto-de-caracas-eu","lugares-citados-mexico-eu","lugares-citados-midi-region-del-sur-de-francia-mediodia-frances-eu","lugares-citados-new-york-nueva-york-eu","lugares-citados-obelisco-de-altamira-caracas-eu","lugares-citados-panama-eu","lugares-citados-papelon-parque-nacional-eu","lugares-citados-paris-eu","lugares-citados-portugalete-eu","lugares-citados-proceres-caracas-eu","lugares-citados-procter-and-gamble-empresa-multinacional-eu","lugares-citados-restaurante-casa-urrutia-de-las-mercedes-eu","lugares-citados-restaurante-penalty-ondarroa-eu","lugares-citados-restaurante-urrutia-ondarroa-eu","lugares-citados-san-francisco-eu","lugares-citados-santa-monica-caracas-eu","lugares-citados-santa-monica-mexico-eu","lugares-citados-tacoa-estado-de-vargas-eu","lugares-citados-torre-del-oro-caracas-eu","lugares-citados-universidad-antonio-jose-sucre-caracas-eu","lugares-citados-universidad-central-caracas-eu","lugares-citados-universidad-metropolitana-caracas-eu","lugares-citados-valencia-eu","lugares-citados-venezuela-eu","lugares-citados-viasa-aerolinea-venezolana-eu","fechas-relevantes-1964-eu","fechas-relevantes-1979-eu","fechas-relevantes-1981-eu","fechas-relevantes-1982-eu","fechas-relevantes-1986-eu","fechas-relevantes-1990-eu","fechas-relevantes-1991-eu","fechas-relevantes-1992-eu","entrevistador-a-ainara-arozena-albaya-eu"],"_links":{"self":[{"href":"https:\/\/ondarebizia.deusto.es\/eu\/wp-json\/wp\/v2\/posts\/421","targetHints":{"allow":["GET"]}}],"collection":[{"href":"https:\/\/ondarebizia.deusto.es\/eu\/wp-json\/wp\/v2\/posts"}],"about":[{"href":"https:\/\/ondarebizia.deusto.es\/eu\/wp-json\/wp\/v2\/types\/post"}],"author":[{"embeddable":true,"href":"https:\/\/ondarebizia.deusto.es\/eu\/wp-json\/wp\/v2\/users\/1"}],"replies":[{"embeddable":true,"href":"https:\/\/ondarebizia.deusto.es\/eu\/wp-json\/wp\/v2\/comments?post=421"}],"version-history":[{"count":1,"href":"https:\/\/ondarebizia.deusto.es\/eu\/wp-json\/wp\/v2\/posts\/421\/revisions"}],"predecessor-version":[{"id":422,"href":"https:\/\/ondarebizia.deusto.es\/eu\/wp-json\/wp\/v2\/posts\/421\/revisions\/422"}],"wp:attachment":[{"href":"https:\/\/ondarebizia.deusto.es\/eu\/wp-json\/wp\/v2\/media?parent=421"}],"wp:term":[{"taxonomy":"category","embeddable":true,"href":"https:\/\/ondarebizia.deusto.es\/eu\/wp-json\/wp\/v2\/categories?post=421"},{"taxonomy":"post_tag","embeddable":true,"href":"https:\/\/ondarebizia.deusto.es\/eu\/wp-json\/wp\/v2\/tags?post=421"}],"curies":[{"name":"wp","href":"https:\/\/api.w.org\/{rel}","templated":true}]}}