{"id":62,"date":"2024-05-06T06:29:00","date_gmt":"2024-05-06T06:29:00","guid":{"rendered":"https:\/\/ondarebizia.deusto.es\/?p=62"},"modified":"2024-05-06T08:46:30","modified_gmt":"2024-05-06T08:46:30","slug":"teresa-naberan-frantzia-1937-1939-venezuela-1950-2002","status":"publish","type":"post","link":"https:\/\/ondarebizia.deusto.es\/en\/teresa-naberan-frantzia-1937-1939-venezuela-1950-2002\/","title":{"rendered":"TERESA NABER\u00c1N [Frantzia, 1937-1939, Venezuela, 1950-2002]"},"content":{"rendered":"<div class=\"wp-block-media-text alignwide is-stacked-on-mobile\"><figure class=\"wp-block-media-text__media\"><img loading=\"lazy\" decoding=\"async\" width=\"300\" height=\"224\" src=\"https:\/\/ondarebizia.deusto.es\/wp-content\/uploads\/2024\/05\/9374d84b-c71a-fbac-6fbe-18554c434d51_300.jpg\" alt=\"\" class=\"wp-image-58 size-full\"\/><\/figure><div class=\"wp-block-media-text__content\"><p><strong>Date of the interview:<\/strong> 5\/19\/2012<\/p><p><strong>Interviewee:<\/strong> Teresa Naber\u00e1n Garc\u00eda<\/p><p><strong>Interviewer:<\/strong> Pedro J. Oiarzabal<\/p><p><strong>Language:<\/strong> Espa\u00f1ol \/ Gaztelania<\/p><\/div><\/div><hr class=\"wp-block-separator has-alpha-channel-opacity\"\/><div class=\"wp-block-group alignfull descripcion-completa is-layout-constrained wp-block-group-is-layout-constrained\" id=\"descripcion-completa\"><h3 class='wp-block-heading'>Description<\/h3><p>Teresa Naber&aacute;n Garc&iacute;a naci&oacute; el 18 de octubre de 1927 en Ondarroa y cuando a&uacute;n no hab&iacute;a cumplido los dieza&ntilde;os mataron a su hermano mayor Jos&eacute; en esa misma localidad vizca&iacute;na. A ra&iacute;z de su muerte, la familia decidi&oacute; salir del pueblo y fue entonces cuando surgi&oacute; la oportunidad de enviar los ni&ntilde;os a Francia. Teresa y su hermano peque&ntilde;o vivieron durante dos a&ntilde;os en una colonia de treinta ni&ntilde;os en el pueblecito franc&eacute;s de Jatxou, donde no duda en recalcar reiteradamente que &ldquo;Fuimos muy bien tratados&rdquo;. Recuerda c&oacute;mo realizaban todas las actividades en euskera y vinculadas siempre a Euskadi, mientras manten&iacute;an una estrecha relaci&oacute;n con sus padres que viv&iacute;an en Barcelona, como refugiados seguramente.<\/p><p><\/p><p>Cuando termin&oacute; la guerra volvieron a Ondarroa, aunque transcurrieron algunos meses hasta que consiguieron sacar a su madre de la c&aacute;rcel en plena posguerra. Relata c&oacute;mo su madre mont&oacute; una pescader&iacute;a en Azkoitia, y al a&ntilde;o de cerrar, Teresa se reuni&oacute; con su familia en Venezuela, su primera impresi&oacute;n no deja espacio a la duda: &ldquo;Cuando nosotros migramos a Caracas nos pareci&oacute; un clima maravilloso, todo eran &aacute;rboles&hellip; todo nos pareci&oacute; maravilloso&rdquo;.<\/p><p><\/p><p>Empez&oacute; a trabajar de cajera en una panader&iacute;a de portugueses donde conoci&oacute; a su futuro marido Venusto, quien debi&oacute; hacer frente a muchas vicisitudes para llegar a Caracas. El matrimonio tuvo tres hijas: Maite, Mireya y Leda, enviando a las dos &uacute;ltimas a cursar primaria a una ikastola. En casa se comunicaban tanto en euskera como en castellano y acud&iacute;an con asiduidad al Centro Vasco de Caracas, donde se celebraban todas las fiestas vascas. Manten&iacute;an el contacto con la familia que qued&oacute; en Euskadi, tratando de ayudarles econ&oacute;micamente siempre que pod&iacute;an, especialmente a su hermana viuda de la guerra.<\/p><p><\/p><p>Debido al trabajo de su marido ha tenido la oportunidad de viajar por el pa&iacute;s y entablar amistad con muchos venezolanos, Teresa no duda en afirmar: &ldquo;Yo me he sentido muy a gusto en Venezuela&rdquo;.&nbsp;Despu&eacute;s de veinte a&ntilde;os visit&oacute; Euskadi por primera vez con su hija de diez a&ntilde;os, y al mes vino su marido. Posteriormente, han venido varias veces de visita hasta que se asent&oacute; definitivamente hace casi una d&eacute;cada, argumentando: &ldquo;Estoy aqu&iacute; porque est&aacute; mi hija&rdquo;.<\/p><p><\/p><p>Preguntada por el retorno cree que dif&iacute;cil no ha sido nada, pero tener a dos de sus hijas y a los nietos lejos se le hace muy duro. Afirma tajante que volver&aacute;, ahora que ya tiene a los nietos criados, quiz&aacute;s a donde vive su hija en Puerto La Cruz. Mientras tanto cada vez que visita a su hermano en Ondarroa, Teresa relata: &ldquo;Miro la casa donde vivimos tantos a&ntilde;os, miro al balc&oacute;n y cuento mi historia yo sola&rdquo;, en su retina se entremezclan las duras condiciones de la posguerra (hambre, supervivencia, rabias&hellip;) con la llegada a un pa&iacute;s pr&oacute;spero donde ha transcurrido la mayor parte de su vida, y el retorno a la provincia en la que naci&oacute; a&ntilde;orando siempre Venezuela.<\/p><\/div>\n            <figure class=\"wp-block-embed is-type-rich is-provider-gestor-del-servicio wp-block-embed-gestor-del-servicio wp-embed-aspect-16-9 wp-has-aspect-ratio\"><div class=\"wp-block-embed__wrapper\">\n            <iframe loading=\"lazy\" title=\"Teresa Naber\u00e1n. Ondare Bizia\" width=\"500\" height=\"281\" src=\"https:\/\/www.youtube.com\/embed\/jXG5TgQaaaw?feature=oembed\" frameborder=\"0\" allow=\"accelerometer; autoplay; clipboard-write; encrypted-media; gyroscope; picture-in-picture; web-share\" referrerpolicy=\"strict-origin-when-cross-origin\" allowfullscreen><\/iframe>\n            <\/div><\/figure>\n            <h3 class=\"wp-block-heading\">Interviewee&#8217;s distination<\/h3><div class=\"wp-block-group grupoEntrevista is-layout-flow wp-block-group-is-layout-flow\"><p><strong>Interviewee\u2019s destination city:<\/strong> Jatsu \/ Jatxou<\/p><p><strong>Interviewee\u2019s destination country:<\/strong> Frantzia \/ Francia \/ France<\/p><p><strong>Interviewee\u2019s destination region:<\/strong> Aquitania \/ Aquitaine<\/p><\/div><div class=\"wp-block-group grupoEntrevista is-layout-flow wp-block-group-is-layout-flow\"><p><strong>Interviewee\u2019s destination city:<\/strong> Caracas<\/p><p><strong>Interviewee\u2019s destination country:<\/strong> Venezuela<\/p><p><strong>Interviewee\u2019s destination region:<\/strong> Distrito Capital<\/p><\/div><hr class=\"wp-block-separator has-alpha-channel-opacity\"\/><h3 class=\"wp-block-heading\">Key dates<\/h3><div class=\"wp-block-group grupoEntrevista is-layout-flow wp-block-group-is-layout-flow\"><p><strong>Year:<\/strong> 1937<\/p><p><strong>Event:<\/strong> Hasta este a\u00f1o permanecen en casa de una amiga de su madre en Getxo<\/p><\/div><div class=\"wp-block-group grupoEntrevista is-layout-flow wp-block-group-is-layout-flow\"><p><strong>Year:<\/strong> 1937<\/p><p><strong>Event:<\/strong> Salen de Santurtzi su hermano y ella hacia las colonias<\/p><\/div><div class=\"wp-block-group grupoEntrevista is-layout-flow wp-block-group-is-layout-flow\"><p><strong>Year:<\/strong> 1949<\/p><p><strong>Event:<\/strong> Su familia emigra a Venezuela<\/p><\/div><div class=\"wp-block-group grupoEntrevista is-layout-flow wp-block-group-is-layout-flow\"><p><strong>Year:<\/strong> 1950<\/p><p><strong>Event:<\/strong> Teresa emigra a Venezuela<\/p><\/div><div class=\"wp-block-group grupoEntrevista is-layout-flow wp-block-group-is-layout-flow\"><p><strong>Year:<\/strong> 1954<\/p><p><strong>Event:<\/strong> Teresa contrae matrimonio<\/p><\/div><div class=\"wp-block-group grupoEntrevista is-layout-flow wp-block-group-is-layout-flow\"><p><strong>Year:<\/strong> 1974<\/p><p><strong>Event:<\/strong> Inicio de vuelos charter, Teresa visita Euskadi con una hija de 10 a\u00f1os<\/p><\/div><div class=\"wp-block-group grupoEntrevista is-layout-flow wp-block-group-is-layout-flow\"><p><strong>Year:<\/strong> 2002<\/p><p><strong>Event:<\/strong> Retorno definitivo a Euskadi<\/p><\/div><hr class=\"wp-block-separator has-alpha-channel-opacity\"\/><h3 class=\"wp-block-heading\">Interviewee&#8217;s origin<\/h3><p><strong>Country of the interview:<\/strong> Euskadi<\/p><p><strong>Region of the interview:<\/strong> Bizkaia<\/p><p><strong>City of the interview:<\/strong> Ondarroa<\/p><hr class=\"wp-block-separator has-alpha-channel-opacity\"\/><h3 class=\"wp-block-heading\">Place of the interview<\/h3><p><strong>Country of the interview:<\/strong> Euskadi<\/p><p><strong>Region of the interview:<\/strong> Gipuzkoa<\/p><p><strong>City of the interview:<\/strong> Donostia \/ San Sebasti\u00e1n<\/p><hr class=\"wp-block-separator has-alpha-channel-opacity\"\/><h3 class=\"wp-block-heading\"><\/h3><p><strong>People mentioned in the interview:<\/strong> Jos\u00e9 Antonio\t \tAguirre\t \ty Lecube, Gelasio\t \tAr\u00e1mburu, Manuel\t \tde Inchausti, Jos\u00e9 \t \tIzurza, M\u00e9ndez, Familia\t \tM\u00fagica, I\u00f1aki\t \tNaber\u00e1n, Jos\u00e9 \t \tNaber\u00e1n, Familia\t \tOlabarrieta, Leda\t \tValenciano, Maite\t \tValenciano, Mireya\t \tValenciano<\/p><p><strong>Places mentioned in the interview:<\/strong> Baiona\t \/ \tBayona\t \/ \tBayonne, Belgika\t \/ \tB\u00e9lgica\t \/ \tBelgique \/ Belgi\u00eb, Donibane Lohizune\t \/ \tSan Juan de Luz\t \/ \tSaint-Jean-de-Luz, Errusia\t \/ \tRusia\t \/ \t\u0420\u043e\u0441\u0441\u0438\u044f, Filipinak\t \/ \tFilipinas\t \/ \tPilipinas, Frantzia\t \/ \tFrancia\t \/ \tFrance, Jatsu\t\t\t \/ \tJatxou, Londres\t\t\t \/ \tLondon, Bartzelona\t \/ \tBarcelona, Donostia\t \/ \tSan Sebasti\u00e1n, New York\t \/ \tNueva York, Azkoitia, Bilbao, Caracas, Carrascosa del Campo, Cuenca, Derio, Gernika &#8211; Lumo, Getxo, Isla Margarita, La Rochelle, Lekeitio, Lourdes, Miami, Ondarroa, Puerto La Cruz, Santurtzi, Tolosa, Ustaritz, Venezuela<\/p><hr class=\"wp-block-separator has-alpha-channel-opacity\"\/><p><strong>Categories:<\/strong><ul class=\"post-categories\"><li><a href=\"https:\/\/ondarebizia.deusto.es\/category\/america\/\" title=\"Am\u00e9rica\">Am\u00e9rica<\/a><\/li><li><a href=\"https:\/\/ondarebizia.deusto.es\/en\/category\/arrival-and-welcome\/\" title=\"Arrival and welcome\">Arrival and welcome<\/a><\/li><li><a href=\"https:\/\/ondarebizia.deusto.es\/en\/category\/exile\/\" title=\"Exile\">Exile<\/a><\/li><li><a href=\"https:\/\/ondarebizia.deusto.es\/en\/category\/family-life\/\" title=\"Family life\">Family life<\/a><\/li><li><a href=\"https:\/\/ondarebizia.deusto.es\/en\/category\/friends-and-acquaintances\/\" title=\"Friends and acquaintances\">Friends and acquaintances<\/a><\/li><li><a href=\"https:\/\/ondarebizia.deusto.es\/en\/category\/journey-to-destination\/\" title=\"Journey to destination\">Journey to destination<\/a><\/li><li><a href=\"https:\/\/ondarebizia.deusto.es\/en\/category\/latin-america\/\" title=\"Latin America\">Latin America<\/a><\/li><li><a href=\"https:\/\/ondarebizia.deusto.es\/en\/category\/living-in-another-country\/\" title=\"Living in another country\">Living in another country<\/a><\/li><li><a href=\"https:\/\/ondarebizia.deusto.es\/en\/category\/other\/\" title=\"Other\">Other<\/a><\/li><li><a href=\"https:\/\/ondarebizia.deusto.es\/en\/category\/other-countries\/\" title=\"Other countries\">Other countries<\/a><\/li><li><a href=\"https:\/\/ondarebizia.deusto.es\/en\/category\/permanent-return\/\" title=\"Permanent return\">Permanent return<\/a><\/li><li><a href=\"https:\/\/ondarebizia.deusto.es\/en\/category\/postwar-period\/\" title=\"Postwar period\">Postwar period<\/a><\/li><li><a href=\"https:\/\/ondarebizia.deusto.es\/en\/category\/spanish-civil-war\/\" title=\"Spanish Civil War\">Spanish Civil War<\/a><\/li><li><a href=\"https:\/\/ondarebizia.deusto.es\/en\/category\/temporary-visits\/\" title=\"Temporary visits\">Temporary visits<\/a><\/li><li><a href=\"https:\/\/ondarebizia.deusto.es\/en\/category\/the-war-children\/\" title=\"The war children\">The war children<\/a><\/li><\/ul>","protected":false},"excerpt":{"rendered":"<p>Date of the interview: 5\/19\/2012 Interviewee: Teresa Naber\u00e1n Garc\u00eda Interviewer: Pedro J. Oiarzabal Language: Espa\u00f1ol \/ Gaztelania Description Teresa Naber&aacute;n [&hellip;]<\/p>\n","protected":false},"author":1,"featured_media":58,"comment_status":"closed","ping_status":"closed","sticky":false,"template":"","format":"standard","meta":{"site-sidebar-layout":"default","site-content-layout":"","ast-site-content-layout":"default","site-content-style":"default","site-sidebar-style":"default","ast-global-header-display":"","ast-banner-title-visibility":"","ast-main-header-display":"","ast-hfb-above-header-display":"","ast-hfb-below-header-display":"","ast-hfb-mobile-header-display":"","site-post-title":"","ast-breadcrumbs-content":"","ast-featured-img":"","footer-sml-layout":"","ast-disable-related-posts":"","theme-transparent-header-meta":"","adv-header-id-meta":"","stick-header-meta":"","header-above-stick-meta":"","header-main-stick-meta":"","header-below-stick-meta":"","astra-migrate-meta-layouts":"default","ast-page-background-enabled":"default","ast-page-background-meta":{"desktop":{"background-color":"var(--ast-global-color-4)","background-image":"","background-repeat":"repeat","background-position":"center center","background-size":"auto","background-attachment":"scroll","background-type":"","background-media":"","overlay-type":"","overlay-color":"","overlay-opacity":"","overlay-gradient":""},"tablet":{"background-color":"","background-image":"","background-repeat":"repeat","background-position":"center center","background-size":"auto","background-attachment":"scroll","background-type":"","background-media":"","overlay-type":"","overlay-color":"","overlay-opacity":"","overlay-gradient":""},"mobile":{"background-color":"","background-image":"","background-repeat":"repeat","background-position":"center center","background-size":"auto","background-attachment":"scroll","background-type":"","background-media":"","overlay-type":"","overlay-color":"","overlay-opacity":"","overlay-gradient":""}},"ast-content-background-meta":{"desktop":{"background-color":"var(--ast-global-color-5)","background-image":"","background-repeat":"repeat","background-position":"center center","background-size":"auto","background-attachment":"scroll","background-type":"","background-media":"","overlay-type":"","overlay-color":"","overlay-opacity":"","overlay-gradient":""},"tablet":{"background-color":"var(--ast-global-color-5)","background-image":"","background-repeat":"repeat","background-position":"center center","background-size":"auto","background-attachment":"scroll","background-type":"","background-media":"","overlay-type":"","overlay-color":"","overlay-opacity":"","overlay-gradient":""},"mobile":{"background-color":"var(--ast-global-color-5)","background-image":"","background-repeat":"repeat","background-position":"center center","background-size":"auto","background-attachment":"scroll","background-type":"","background-media":"","overlay-type":"","overlay-color":"","overlay-opacity":"","overlay-gradient":""}},"footnotes":""},"categories":[20,314,199,203,269,191,313,197,312,272,198,194,195,311,196],"tags":[],"class_list":["post-62","post","type-post","status-publish","format-standard","has-post-thumbnail","hentry","category-america","category-arrival-and-welcome","category-exile","category-family-life","category-friends-and-acquaintances","category-journey-to-destination","category-latin-america","category-living-in-another-country","category-other","category-other-countries","category-permanent-return","category-postwar-period","category-spanish-civil-war","category-temporary-visits","category-the-war-children","pais-de-destino-del-entrevistado-frantzia-francia-france-en","pais-de-destino-del-entrevistado-venezuela-en","ciudad-o-municipio-de-destino-de-caracas-en","pais-del-entrevistado-a-euskadi-en","ciudad-o-municipio-del-entrevist-ondarroa-en","personas-citadas-familia-mugica-en","personas-citadas-familia-olabarrieta-en","personas-citadas-gelasio-aramburu-en","personas-citadas-inaki-naberan-en","personas-citadas-jose-antonio-aguirre-y-lecube-en","personas-citadas-jose-izurza-en","personas-citadas-jose-naberan-en","personas-citadas-leda-valenciano-en","personas-citadas-maite-valenciano-en","personas-citadas-manuel-de-inchausti-en","personas-citadas-mendez-en","personas-citadas-mireya-valenciano-en","lugares-citados-azkoitia-en","lugares-citados-baiona-bayona-bayonne-en","lugares-citados-bartzelona-barcelona-en","lugares-citados-belgika-belgica-belgique-belgie-en","lugares-citados-bilbao-en","lugares-citados-caracas-en","lugares-citados-carrascosa-del-campo-en","lugares-citados-cuenca-en","lugares-citados-derio-en","lugares-citados-donibane-lohizune-san-juan-de-luz-saint-jean-de-luz-en","lugares-citados-donostia-san-sebastian-en","lugares-citados-errusia-rusia--en","lugares-citados-filipinak-filipinas-pilipinas-en","lugares-citados-frantzia-francia-france-en","lugares-citados-gernika-lumo-en","lugares-citados-getxo-en","lugares-citados-isla-margarita-en","lugares-citados-jatsu-jatxou-en","lugares-citados-la-rochelle-en","lugares-citados-lekeitio-en","lugares-citados-londres-london-en","lugares-citados-lourdes-en","lugares-citados-miami-en","lugares-citados-new-york-nueva-york-en","lugares-citados-ondarroa-en","lugares-citados-puerto-la-cruz-en","lugares-citados-santurtzi-en","lugares-citados-tolosa-en","lugares-citados-ustaritz-en","lugares-citados-venezuela-en","fechas-relevantes-1937-en","fechas-relevantes-1949-en","fechas-relevantes-1950-en","fechas-relevantes-1954-en","fechas-relevantes-1974-en","fechas-relevantes-2002-en","entrevistador-a-pedro-j-oiarzabal-en"],"_links":{"self":[{"href":"https:\/\/ondarebizia.deusto.es\/en\/wp-json\/wp\/v2\/posts\/62","targetHints":{"allow":["GET"]}}],"collection":[{"href":"https:\/\/ondarebizia.deusto.es\/en\/wp-json\/wp\/v2\/posts"}],"about":[{"href":"https:\/\/ondarebizia.deusto.es\/en\/wp-json\/wp\/v2\/types\/post"}],"author":[{"embeddable":true,"href":"https:\/\/ondarebizia.deusto.es\/en\/wp-json\/wp\/v2\/users\/1"}],"replies":[{"embeddable":true,"href":"https:\/\/ondarebizia.deusto.es\/en\/wp-json\/wp\/v2\/comments?post=62"}],"version-history":[{"count":1,"href":"https:\/\/ondarebizia.deusto.es\/en\/wp-json\/wp\/v2\/posts\/62\/revisions"}],"predecessor-version":[{"id":63,"href":"https:\/\/ondarebizia.deusto.es\/en\/wp-json\/wp\/v2\/posts\/62\/revisions\/63"}],"wp:featuredmedia":[{"embeddable":true,"href":"https:\/\/ondarebizia.deusto.es\/en\/wp-json\/wp\/v2\/media\/58"}],"wp:attachment":[{"href":"https:\/\/ondarebizia.deusto.es\/en\/wp-json\/wp\/v2\/media?parent=62"}],"wp:term":[{"taxonomy":"category","embeddable":true,"href":"https:\/\/ondarebizia.deusto.es\/en\/wp-json\/wp\/v2\/categories?post=62"},{"taxonomy":"post_tag","embeddable":true,"href":"https:\/\/ondarebizia.deusto.es\/en\/wp-json\/wp\/v2\/tags?post=62"}],"curies":[{"name":"wp","href":"https:\/\/api.w.org\/{rel}","templated":true}]}}