{"id":530,"date":"2024-05-06T06:40:42","date_gmt":"2024-05-06T06:40:42","guid":{"rendered":"https:\/\/ondarebizia.deusto.es\/?p=530"},"modified":"2024-05-06T08:42:40","modified_gmt":"2024-05-06T08:42:40","slug":"miren-maitena-jauregui-mexiko-1940-1973","status":"publish","type":"post","link":"https:\/\/ondarebizia.deusto.es\/en\/miren-maitena-jauregui-mexiko-1940-1973\/","title":{"rendered":"MIREN MAITENA J\u00c1UREGUI [Mexiko, 1940-1973]"},"content":{"rendered":"<div class=\"wp-block-media-text alignwide is-stacked-on-mobile\"><figure class=\"wp-block-media-text__media\"><img loading=\"lazy\" decoding=\"async\" width=\"300\" height=\"224\" src=\"https:\/\/ondarebizia.deusto.es\/wp-content\/uploads\/2024\/05\/9ba0b4a9-0838-754e-6062-a86132dc0c63_300.jpg\" alt=\"\" class=\"wp-image-526 size-full\"\/><\/figure><div class=\"wp-block-media-text__content\"><p><strong>Date of the interview:<\/strong> 11\/22\/2013<\/p><p><strong>Interviewee:<\/strong> Miren Maitena J\u00e1uregui Belaustegigoitia<\/p><p><strong>Interviewer:<\/strong> Ainara Puerta Larra\u00f1aga<\/p><p><strong>Language:<\/strong> Espa\u00f1ol \/ Gaztelania<\/p><\/div><\/div><hr class=\"wp-block-separator has-alpha-channel-opacity\"\/><div class=\"wp-block-group alignfull descripcion-completa is-layout-constrained wp-block-group-is-layout-constrained\" id=\"descripcion-completa\"><h3 class='wp-block-heading'>Description<\/h3><p>Miren Maitena (a partir de ahora Maitena) J&aacute;uregui, la segunda de cuatro hermanos, naci&oacute; el 29 de marzo de 1940 en la capital de M&eacute;xico, pa&iacute;s al que emigraron sus padres a ra&iacute;z de la guerra. Maitena explica: &ldquo;Soy de una familia de exiliados, viv&iacute;amos en una zona muy c&eacute;ntrica, entonces mi casa era como el punto de reuni&oacute;n de todo el mundo&rdquo;, donde conoci&oacute; a intelectuales como Telesforo Monz&oacute;n o Germ&aacute;n I&ntilde;urrategui. Subraya que desde peque&ntilde;os en casa no se hablaba m&aacute;s que de pol&iacute;tica, y que siempre les inculcaron todo lo vasco: &ldquo;Mi vida transcurri&oacute; as&iacute;: &iacute;bamos al colegio, todos los fines de semana &iacute;bamos al Centro Vasco &ndash;todos los fines de semana-: nos daban clases de baile, de coros, hac&iacute;amos teatro&hellip; toda nuestra actividad era el Centro Vasco&rdquo;. Asimismo, relata la historia del nacimiento de este Centro, y la influencia que ten&iacute;a el Partido Nacionalista Vasco sobre &eacute;l.<\/p><p><\/p><p>Creci&oacute; en este ambiente que no duda en calificar como &ldquo;sobreprotegido&rdquo; hasta que despu&eacute;s de tener que dejar de estudiar sociolog&iacute;a en Estados Unidos y trabajar un tiempo en la Ferreter&iacute;a Euskalduna S.A. dirigida por su padre, le ofrecieron prepararse para ser gu&iacute;a del Museo de Antropolog&iacute;a de M&eacute;xico, y posteriormente en Yucat&aacute;n. Maitena afirma que ese trabajo le permiti&oacute; conocer otro mundo desconocido hasta entonces: &ldquo;Esa etapa fue preciosa: me desligu&eacute; bastante del Centro Vasco, me dediqu&eacute; claro a las piedras, al museo, &iacute;bamos a excavaciones&hellip;fue precioso&rdquo;.&nbsp;Tambi&eacute;n ejerci&oacute; como anfitriona en los Juegos Ol&iacute;mpicos celebrados en M&eacute;xico.<\/p><p><\/p><p>En 1973 con motivo de un viaje a Par&iacute;s, fue a Algorta (Getxo) a visitar a unos t&iacute;os, y: &ldquo;De Bilbao a Algorta me encontr&eacute; con esa americana, empec&eacute; a hablar con ella y me dijo: &ldquo;ay, pues ven a tomar el t&eacute; en la tarde a mi casa, porque yo tengo una revista que vienen direcciones de Par&iacute;s.&rdquo; &ldquo;Ah, &iexcl;pues voy!&rdquo;. Estaba el marido y me dice: &ldquo;no, ya no te vas&rdquo; porque no ten&iacute;an traductores. Antes, claro, no hablaba ingl&eacute;s aqu&iacute; nadie. Entonces yo dije: &ldquo;bueno, pues es mi destino&rdquo; Y me qued&eacute;, y fui muy feliz, &iexcl;eh! Ten&iacute;a una de amigas, bueno, fui muy feliz.&rdquo;. Mientras trabajaba en SENER y despu&eacute;s en TISA, conoci&oacute; al que ser&iacute;a su futuro marido, Manuel Gainza, en la ikastola a la que iba a aprender euskera.<\/p><p><\/p><p>En 1975 la pareja celebr&oacute; una boda &iacute;ntima en Nueva York, y dos meses m&aacute;s tarde tuvieron un naufragio cerca de Ecuador, del que afortunadamente todos salieron con vida. El matrimonio tuvo a Estepan Imanol al que Maitena trat&oacute; de inculcarle que fuese libre, y siempre respet&oacute; mucho el silencio necesario para el estudio. Se muestra muy orgullosa de &eacute;l. Preguntada por lo m&aacute;s f&aacute;cil y lo m&aacute;s dif&iacute;cil de haber regresado, sostiene que: &ldquo;Pues ahora el haberme separado de la familia, eso s&iacute;, pero yo en M&eacute;xico ya no vivir&iacute;a. &iquest;Ves? O sea que no me arrepiento de haber hecho lo que hice. Viendo las cosas ya fr&iacute;amente, creo que estoy much&iacute;simo mejor aqu&iacute; que si viviese en M&eacute;xico&rdquo;, especialmente debido a la diferencia de clases, los embotellamientos y la inseguridad.<\/p><p><\/p><p>Maitena nos explica que en septiembre del 2013 celebraron una comida con gente vasco-mexicana en Gordexola, cuna de los insurgentes de M&eacute;xico, y espera que puedan unirse a ella m&aacute;s personas: &ldquo;&iquest;Qu&eacute; note yo que nos un&iacute;a en esa comida? El desarraigo, porque en M&eacute;xico hemos sido vascos, y aqu&iacute; igual somos mexicanos, &iquest;eh? Es que es una cosa curiosa, y eso nos une, porque tenemos eso en com&uacute;n: el desarraigo y el haber vivido tantos a&ntilde;os ah&iacute; que te hace que igual tengas una idea equivocada de lo que es esto. Menciona su experiencia en el mundo de la pol&iacute;tica, y admite que se ha desilusionado con la estructura interna de los partidos pol&iacute;ticos en Euskadi.<\/p><p><\/p><p>Reflexionando sobre el retorno, Maitena sostiene que: &ldquo;Para m&iacute; estupendo. Te digo que lo veo como normal, como un paso. Y eso que mi vida tiene tres etapas: la etapa de la adolescencia hasta como los veinte a&ntilde;os Centro Vasco; despu&eacute;s el museo que me abri&oacute; otro mundo; y despu&eacute;s, el venir aqu&iacute;. Pero, &iquest;ahora ya que soy? Pues, que me he dado cuenta, que es importante para m&iacute;: mi hijo y mis nietos, esa es mi vida. Y por ellos tengo que luchar&rdquo;.&nbsp;Afirma que ahora esa es &ldquo;su patria&rdquo;.<\/p><\/div>\n            <figure class=\"wp-block-embed is-type-rich is-provider-gestor-del-servicio wp-block-embed-gestor-del-servicio wp-embed-aspect-16-9 wp-has-aspect-ratio\"><div class=\"wp-block-embed__wrapper\">\n            <iframe loading=\"lazy\" title=\"Miren Maitena J\u00e1uregui. Ondare Bizia\" width=\"500\" height=\"281\" src=\"https:\/\/www.youtube.com\/embed\/LwQ2mxaDK1k?feature=oembed\" frameborder=\"0\" allow=\"accelerometer; autoplay; clipboard-write; encrypted-media; gyroscope; picture-in-picture; web-share\" referrerpolicy=\"strict-origin-when-cross-origin\" allowfullscreen><\/iframe>\n            <\/div><\/figure>\n            <h3 class=\"wp-block-heading\">Interviewee&#8217;s distination<\/h3><div class=\"wp-block-group grupoEntrevista is-layout-flow wp-block-group-is-layout-flow\"><p><strong>Interviewee\u2019s destination city:<\/strong> Mexiko hiria \/ M\u00e9xico DF<\/p><p><strong>Interviewee\u2019s destination country:<\/strong> Mexiko \/ M\u00e9xico<\/p><p><strong>Interviewee\u2019s destination region:<\/strong> Distrito Federal<\/p><\/div><hr class=\"wp-block-separator has-alpha-channel-opacity\"\/><h3 class=\"wp-block-heading\">Key dates<\/h3><div class=\"wp-block-group grupoEntrevista is-layout-flow wp-block-group-is-layout-flow\"><p><strong>Year:<\/strong> 1940<\/p><p><strong>Event:<\/strong> Nace Miren Maitena<\/p><\/div><div class=\"wp-block-group grupoEntrevista is-layout-flow wp-block-group-is-layout-flow\"><p><strong>Year:<\/strong> 1973<\/p><p><strong>Event:<\/strong> Comienza a trabajar de gu\u00eda en el Museo de Antropolog\u00eda de M\u00e9xico DF<\/p><\/div><div class=\"wp-block-group grupoEntrevista is-layout-flow wp-block-group-is-layout-flow\"><p><strong>Year:<\/strong> 2013<\/p><p><strong>Event:<\/strong> Celebran una comida de vasco-mexicanos (15 de septiembre)<\/p><\/div><hr class=\"wp-block-separator has-alpha-channel-opacity\"\/><h3 class=\"wp-block-heading\">Interviewee&#8217;s origin<\/h3><p><strong>Country of the interview:<\/strong> Mexiko \/ M\u00e9xico<\/p><p><strong>Region of the interview:<\/strong> Distrito Federal<\/p><p><strong>City of the interview:<\/strong> Mexiko hiria \/ M\u00e9xico DF<\/p><hr class=\"wp-block-separator has-alpha-channel-opacity\"\/><h3 class=\"wp-block-heading\">Place of the interview<\/h3><p><strong>Country of the interview:<\/strong> Euskadi<\/p><p><strong>Region of the interview:<\/strong> Bizkaia<\/p><p><strong>City of the interview:<\/strong> Getxo<\/p><hr class=\"wp-block-separator has-alpha-channel-opacity\"\/><h3 class=\"wp-block-heading\"><\/h3><p><strong>People mentioned in the interview:<\/strong> &#8221; \tTxekuri\t &#8220;, Mar\u00eda del Rosario ( Txaro )\t \tLanzagorta, Jos\u00e9 Antonio\t \tAguirre\t \ty Lecube, Aintzane\t \tAguirre, Encarna\t \tAguirre, Teresa \t \tAguirre, Juan \t \tAldama, Salvador\t \tAllende, Sabino\t \tArana, Manuel\t \tAza\u00f1a, Concha\t \tAzaola, Familia\t \tAzua, Barrinagarrementeria, Eneko\t \tBelaustegigoitia, Miren\t \tBelaustegigoitia, Albert\t \tCamus, L\u00e1zaro \t \tC\u00e1rdenas, Jos\u00e9 Mariano\t \tde Abasolo, Teresa \t \tde Azkue, Alonso\t \tde Ercilla, Jes\u00fas \t \tde Gal\u00edndez\t \tSu\u00e1rez, Ignacio\t \tde Loyola, Dwight David\t \tEisenhower, Luis Mari\t \tElola, Familia\t \tFagoaga, Francisco\t \tFranco, I\u00f1aki\t \tGanchegui, Ertze\t \tGaramendi, Carmen \t \tGoyarzu, Pedro\t \tGringoar, Adolf\t \tHitler, Germ\u00e1n\t \tI\u00f1urrategui, Irujo, Bego\u00f1a\t \tJa\u00faregui, Jon Mikel\t \tJa\u00faregui, Lander\t \tJa\u00faregui, Esteban \t \tJa\u00faregui, Juantxu\t \tJa\u00faregui, Modesto \t \tJa\u00faregui, Jes\u00fas Mar\u00eda\t \tLeizaola, Javier \t \tMaguregui, Francisco Javier\t \tMina, Telesforo\t \tMonz\u00f3n, Benito\t \tMussolini, Juan\t \tNegr\u00edn, Ogo\u00f1ope, Josefa\t \tOlabarrieta, Eduardo\t \tOrmaetxea, Paquita\t \tOrmazabal, Jos\u00e9 Mari \t \tPagaza, Indalecio\t \tPrieto, Dolores \t \tRivas \t \tCherif, Ricardo\t \tRobina, Julen\t \tRu\u00edz \t \tde Azua, Manol\u00edn\t \tSalvoche, Yolanda\t \tZapiain, Jos\u00e9 Mari \t \tZaurieta, Mar\u00eda Olatz\t \tZubeldia, Anton\t \tZugadi<\/p><p><strong>Places mentioned in the interview:<\/strong> Ameriketako Estatu Batuak\t \/ \tEstados Unidos\t \/ \tUnited States of America USA, Donibane Lohizune\t \/ \tSan Juan de Luz\t \/ \tSaint-Jean-de-Luz, Errusia\t \/ \tRusia\t \/ \t\u0420\u043e\u0441\u0441\u0438\u044f, Frantzia\t \/ \tFrancia\t \/ \tFrance, Ingalaterra\t \/ \tInglaterra\t \/ \tEngland, Iparralde\t \/ \tPa\u00eds vasco-franc\u00e9s\t \/ \tPays Basque, Irlanda\t\t\t \/ \t\u00c9ire \/ Ireland, Londres\t\t\t \/ \tLondon, Donostia\t \/ \tSan Sebasti\u00e1n, Ekuador\t \/ \tEcuador, Errioxa\t \/ \tLa Rioja, Iru\u00f1ea\t \/ \tPamplona, Kalifornia\t \/ \tCalifornia, Kuba\t \/ \tCuba, Laudio\t \/ \tLlodio, Madril\t \/ \tMadrid, New York\t \/ \tNueva York, Txile\t \/ \tChile, Argentina, Berkeley, Bilbao, Chihuahua, Cognac, Elantxobe, Errenteria, Esmeraldas, Etxarri Aranatz, Gautegiz Arteaga, Getxo, Gordexola, Hondarribia, Italia, Kansas, M\u00e9xico, Morelia, Nevada, Oiartzun, Orozko, Potos\u00ed, Quito, San Antonio ( Texas ), Santurtzi, Tolosa, Zacatecas<\/p><hr class=\"wp-block-separator has-alpha-channel-opacity\"\/><p><strong>Categories:<\/strong><ul class=\"post-categories\"><li><a href=\"https:\/\/ondarebizia.deusto.es\/category\/aberri-eguna\/\" title=\"Aberri Eguna\">Aberri Eguna<\/a><\/li><li><a href=\"https:\/\/ondarebizia.deusto.es\/en\/category\/aberri-eguna-the-day-of-basque-fatherland\/\" title=\"Aberri Eguna (The Day of Basque Fatherland)\">Aberri Eguna (The Day of Basque Fatherland)<\/a><\/li><li><a href=\"https:\/\/ondarebizia.deusto.es\/category\/america\/\" title=\"Am\u00e9rica\">Am\u00e9rica<\/a><\/li><li><a href=\"https:\/\/ondarebizia.deusto.es\/category\/amistades-y-relaciones\/\" title=\"Amistades y relaciones\">Amistades y relaciones<\/a><\/li><li><a href=\"https:\/\/ondarebizia.deusto.es\/category\/antecedentes-migratorios\/\" title=\"Antecedentes migratorios\">Antecedentes migratorios<\/a><\/li><li><a href=\"https:\/\/ondarebizia.deusto.es\/en\/category\/art\/\" title=\"Art\">Art<\/a><\/li><li><a href=\"https:\/\/ondarebizia.deusto.es\/category\/arte\/\" title=\"Arte\">Arte<\/a><\/li><li><a href=\"https:\/\/ondarebizia.deusto.es\/category\/asociaciones-y-centros-vascos\/\" title=\"Asociaciones y centros vascos\">Asociaciones y centros vascos<\/a><\/li><li><a href=\"https:\/\/ondarebizia.deusto.es\/en\/category\/basque-associations-and-centres\/\" title=\"Basque associations and centres\">Basque associations and centres<\/a><\/li><li><a href=\"https:\/\/ondarebizia.deusto.es\/en\/category\/basque-pelota\/\" title=\"Basque pelota\">Basque pelota<\/a><\/li><li><a href=\"https:\/\/ondarebizia.deusto.es\/en\/category\/childhood-youth\/\" title=\"Childhood\/Youth\">Childhood\/Youth<\/a><\/li><li><a href=\"https:\/\/ondarebizia.deusto.es\/category\/deporte\/\" title=\"Deporte\">Deporte<\/a><\/li><li><a href=\"https:\/\/ondarebizia.deusto.es\/category\/educacion\/\" title=\"Educaci\u00f3n\">Educaci\u00f3n<\/a><\/li><li><a href=\"https:\/\/ondarebizia.deusto.es\/en\/category\/education\/\" title=\"Education\">Education<\/a><\/li><li><a href=\"https:\/\/ondarebizia.deusto.es\/en\/category\/family-life\/\" title=\"Family life\">Family life<\/a><\/li><li><a href=\"https:\/\/ondarebizia.deusto.es\/en\/category\/friends-and-acquaintances\/\" title=\"Friends and acquaintances\">Friends and acquaintances<\/a><\/li><li><a href=\"https:\/\/ondarebizia.deusto.es\/category\/infancia-juventud\/\" title=\"Infancia\/juventud\">Infancia\/juventud<\/a><\/li><li><a href=\"https:\/\/ondarebizia.deusto.es\/category\/la-comunidad-vasca\/\" title=\"La comunidad vasca\">La comunidad vasca<\/a><\/li><li><a href=\"https:\/\/ondarebizia.deusto.es\/en\/category\/latin-america\/\" title=\"Latin America\">Latin America<\/a><\/li><li><a href=\"https:\/\/ondarebizia.deusto.es\/category\/latinoamerica\/\" title=\"Latinoam\u00e9rica\">Latinoam\u00e9rica<\/a><\/li><li><a href=\"https:\/\/ondarebizia.deusto.es\/en\/category\/leisure-festivities-and-folklore\/\" title=\"Leisure, festivities and folklore\">Leisure, festivities and folklore<\/a><\/li><li><a href=\"https:\/\/ondarebizia.deusto.es\/en\/category\/living-in-another-country\/\" title=\"Living in another country\">Living in another country<\/a><\/li><li><a href=\"https:\/\/ondarebizia.deusto.es\/en\/category\/migratory-background\/\" title=\"Migratory background\">Migratory background<\/a><\/li><li><a href=\"https:\/\/ondarebizia.deusto.es\/en\/category\/music\/\" title=\"Music\">Music<\/a><\/li><li><a href=\"https:\/\/ondarebizia.deusto.es\/category\/musica\/\" title=\"M\u00fasica\">M\u00fasica<\/a><\/li><li><a href=\"https:\/\/ondarebizia.deusto.es\/category\/ocio-fiestas-y-folklore\/\" title=\"Ocio, fiestas y folklore\">Ocio, fiestas y folklore<\/a><\/li><li><a href=\"https:\/\/ondarebizia.deusto.es\/category\/pelota\/\" title=\"Pelota\">Pelota<\/a><\/li><li><a href=\"https:\/\/ondarebizia.deusto.es\/en\/category\/permanent-return\/\" title=\"Permanent return\">Permanent return<\/a><\/li><li><a href=\"https:\/\/ondarebizia.deusto.es\/category\/politica\/\" title=\"Pol\u00edtica\">Pol\u00edtica<\/a><\/li><li><a href=\"https:\/\/ondarebizia.deusto.es\/en\/category\/politics\/\" title=\"Politics\">Politics<\/a><\/li><li><a href=\"https:\/\/ondarebizia.deusto.es\/category\/religion\/\" title=\"Religi\u00f3n\">Religi\u00f3n<\/a><\/li><li><a href=\"https:\/\/ondarebizia.deusto.es\/category\/retorno-definitivo\/\" title=\"Retorno definitivo\">Retorno definitivo<\/a><\/li><li><a href=\"https:\/\/ondarebizia.deusto.es\/en\/category\/sport\/\" title=\"Sport\">Sport<\/a><\/li><li><a href=\"https:\/\/ondarebizia.deusto.es\/en\/category\/the-basque-community\/\" title=\"The Basque community\">The Basque community<\/a><\/li><li><a href=\"https:\/\/ondarebizia.deusto.es\/category\/valores\/\" title=\"Valores\">Valores<\/a><\/li><li><a href=\"https:\/\/ondarebizia.deusto.es\/en\/category\/values\/\" title=\"Values\">Values<\/a><\/li><li><a href=\"https:\/\/ondarebizia.deusto.es\/category\/vida-familiar\/\" title=\"Vida familiar\">Vida familiar<\/a><\/li><li><a href=\"https:\/\/ondarebizia.deusto.es\/category\/vivir-en-otro-pais\/\" title=\"Vivir en otro pa\u00eds\">Vivir en otro pa\u00eds<\/a><\/li><\/ul>","protected":false},"excerpt":{"rendered":"<p>Date of the interview: 11\/22\/2013 Interviewee: Miren Maitena J\u00e1uregui Belaustegigoitia Interviewer: Ainara Puerta Larra\u00f1aga Language: Espa\u00f1ol \/ Gaztelania Description Miren [&hellip;]<\/p>\n","protected":false},"author":1,"featured_media":526,"comment_status":"closed","ping_status":"closed","sticky":false,"template":"","format":"standard","meta":{"site-sidebar-layout":"default","site-content-layout":"","ast-site-content-layout":"default","site-content-style":"default","site-sidebar-style":"default","ast-global-header-display":"","ast-banner-title-visibility":"","ast-main-header-display":"","ast-hfb-above-header-display":"","ast-hfb-below-header-display":"","ast-hfb-mobile-header-display":"","site-post-title":"","ast-breadcrumbs-content":"","ast-featured-img":"","footer-sml-layout":"","ast-disable-related-posts":"","theme-transparent-header-meta":"","adv-header-id-meta":"","stick-header-meta":"","header-above-stick-meta":"","header-main-stick-meta":"","header-below-stick-meta":"","astra-migrate-meta-layouts":"default","ast-page-background-enabled":"default","ast-page-background-meta":{"desktop":{"background-color":"var(--ast-global-color-4)","background-image":"","background-repeat":"repeat","background-position":"center center","background-size":"auto","background-attachment":"scroll","background-type":"","background-media":"","overlay-type":"","overlay-color":"","overlay-opacity":"","overlay-gradient":""},"tablet":{"background-color":"","background-image":"","background-repeat":"repeat","background-position":"center center","background-size":"auto","background-attachment":"scroll","background-type":"","background-media":"","overlay-type":"","overlay-color":"","overlay-opacity":"","overlay-gradient":""},"mobile":{"background-color":"","background-image":"","background-repeat":"repeat","background-position":"center center","background-size":"auto","background-attachment":"scroll","background-type":"","background-media":"","overlay-type":"","overlay-color":"","overlay-opacity":"","overlay-gradient":""}},"ast-content-background-meta":{"desktop":{"background-color":"var(--ast-global-color-5)","background-image":"","background-repeat":"repeat","background-position":"center center","background-size":"auto","background-attachment":"scroll","background-type":"","background-media":"","overlay-type":"","overlay-color":"","overlay-opacity":"","overlay-gradient":""},"tablet":{"background-color":"var(--ast-global-color-5)","background-image":"","background-repeat":"repeat","background-position":"center center","background-size":"auto","background-attachment":"scroll","background-type":"","background-media":"","overlay-type":"","overlay-color":"","overlay-opacity":"","overlay-gradient":""},"mobile":{"background-color":"var(--ast-global-color-5)","background-image":"","background-repeat":"repeat","background-position":"center center","background-size":"auto","background-attachment":"scroll","background-type":"","background-media":"","overlay-type":"","overlay-color":"","overlay-opacity":"","overlay-gradient":""}},"footnotes":""},"categories":[117,193,20,18,23,1499,1476,12,351,488,204,254,19,270,203,269,26,13,313,22,192,197,202,353,320,71,360,198,449,487,255,16,268,352,819,1001,25,15],"tags":[],"class_list":["post-530","post","type-post","status-publish","format-standard","has-post-thumbnail","hentry","category-aberri-eguna","category-aberri-eguna-the-day-of-basque-fatherland","category-america","category-amistades-y-relaciones","category-antecedentes-migratorios","category-art","category-arte","category-asociaciones-y-centros-vascos","category-basque-associations-and-centres","category-basque-pelota","category-childhood-youth","category-deporte","category-educacion","category-education","category-family-life","category-friends-and-acquaintances","category-infancia-juventud","category-la-comunidad-vasca","category-latin-america","category-latinoamerica","category-leisure-festivities-and-folklore","category-living-in-another-country","category-migratory-background","category-music","category-musica","category-ocio-fiestas-y-folklore","category-pelota","category-permanent-return","category-politica","category-politics","category-religion","category-retorno-definitivo","category-sport","category-the-basque-community","category-valores","category-values","category-vida-familiar","category-vivir-en-otro-pais","pais-de-destino-del-entrevistado-mexiko-mexico-en","ciudad-o-municipio-de-destino-de-mexiko-hiria-mexico-df-en","pais-del-entrevistado-a-mexiko-mexico-en","ciudad-o-municipio-del-entrevist-mexiko-hiria-mexico-df-en","personas-citadas-txekuri-en","personas-citadas-adolf-hitler-en-2","personas-citadas-aintzane-aguirre-en","personas-citadas-albert-camus-en-2","personas-citadas-alonso-de-ercilla-en-2","personas-citadas-anton-zugadi-en-2","personas-citadas-barrinagarrementeria-en-2","personas-citadas-begona-jauregui-en-2","personas-citadas-benito-mussolini-en","personas-citadas-carmen-goyarzu-en-2","personas-citadas-concha-azaola-en-2","personas-citadas-dolores-rivas-cherif-en-2","personas-citadas-dwight-david-eisenhower-en-2","personas-citadas-eduardo-ormaetxea-en-2","personas-citadas-encarna-aguirre-en-2","personas-citadas-eneko-belaustegigoitia-en-2","personas-citadas-ertze-garamendi-en-2","personas-citadas-esteban-jauregui-en-2","personas-citadas-familia-azua-en-2","personas-citadas-familia-fagoaga-en-2","personas-citadas-francisco-franco-en","personas-citadas-francisco-javier-mina-en-2","personas-citadas-german-inurrategui-en-2","personas-citadas-ignacio-de-loyola-en-2","personas-citadas-inaki-ganchegui-en-2","personas-citadas-indalecio-prieto-en","personas-citadas-irujo-en-2","personas-citadas-javier-maguregui-en-2","personas-citadas-jesus-de-galindez-suarez-en-2","personas-citadas-jesus-maria-leizaola-en","personas-citadas-jon-mikel-jauregui-en-2","personas-citadas-jose-antonio-aguirre-y-lecube-en","personas-citadas-jose-mari-pagaza-en-2","personas-citadas-jose-mari-zaurieta-en-2","personas-citadas-jose-mariano-de-abasolo-en-2","personas-citadas-josefa-olabarrieta-en-2","personas-citadas-juan-aldama-en-2","personas-citadas-juan-negrin-en-2","personas-citadas-juantxu-jauregui-en-2","personas-citadas-julen-ruiz-de-azua-en-2","personas-citadas-lander-jauregui-en-2","personas-citadas-lazaro-cardenas-en-2","personas-citadas-luis-mari-elola-en-2","personas-citadas-manolin-salvoche-en-2","personas-citadas-manuel-azana-en-2","personas-citadas-maria-del-rosario-txaro-lanzagorta-en","personas-citadas-maria-olatz-zubeldia-en-2","personas-citadas-miren-belaustegigoitia-en-2","personas-citadas-modesto-jauregui-en-2","personas-citadas-ogonope-en-2","personas-citadas-paquita-ormazabal-en-2","personas-citadas-pedro-gringoar-en-2","personas-citadas-ricardo-robina-en-2","personas-citadas-sabino-arana-en","personas-citadas-salvador-allende-en-2","personas-citadas-telesforo-monzon-en-2","personas-citadas-teresa-aguirre-en-2","personas-citadas-teresa-de-azkue-en-2","personas-citadas-yolanda-zapiain-en-2","lugares-citados-ameriketako-estatu-batuak-estados-unidos-united-states-of-america-usa-en","lugares-citados-argentina-en","lugares-citados-berkeley-en","lugares-citados-bilbao-en","lugares-citados-chihuahua-en","lugares-citados-cognac-en","lugares-citados-donibane-lohizune-san-juan-de-luz-saint-jean-de-luz-en","lugares-citados-donostia-san-sebastian-en","lugares-citados-ekuador-ecuador-en","lugares-citados-elantxobe-en","lugares-citados-errenteria-en","lugares-citados-errioxa-la-rioja-en","lugares-citados-errusia-rusia--en","lugares-citados-esmeraldas-en","lugares-citados-etxarri-aranatz-en","lugares-citados-frantzia-francia-france-en","lugares-citados-gautegiz-arteaga-en","lugares-citados-getxo-en","lugares-citados-gordexola-en","lugares-citados-hondarribia-en","lugares-citados-ingalaterra-inglaterra-england-en","lugares-citados-iparralde-pais-vasco-frances-pays-basque-en","lugares-citados-irlanda-eire-ireland-en","lugares-citados-irunea-pamplona-en","lugares-citados-italia-en","lugares-citados-kalifornia-california-en","lugares-citados-kansas-en","lugares-citados-kuba-cuba-en","lugares-citados-laudio-llodio-en","lugares-citados-londres-london-en","lugares-citados-madril-madrid-en","lugares-citados-mexico-en","lugares-citados-morelia-en","lugares-citados-nevada-en","lugares-citados-new-york-nueva-york-en","lugares-citados-oiartzun-en","lugares-citados-orozko-en","lugares-citados-potosi-en","lugares-citados-quito-en","lugares-citados-san-antonio-texas-en","lugares-citados-santurtzi-en","lugares-citados-tolosa-en","lugares-citados-txile-chile-en","lugares-citados-zacatecas-en","fechas-relevantes-1940-en","fechas-relevantes-1973-en","fechas-relevantes-2013-en","entrevistador-a-ainara-puerta-larranaga-en"],"_links":{"self":[{"href":"https:\/\/ondarebizia.deusto.es\/en\/wp-json\/wp\/v2\/posts\/530","targetHints":{"allow":["GET"]}}],"collection":[{"href":"https:\/\/ondarebizia.deusto.es\/en\/wp-json\/wp\/v2\/posts"}],"about":[{"href":"https:\/\/ondarebizia.deusto.es\/en\/wp-json\/wp\/v2\/types\/post"}],"author":[{"embeddable":true,"href":"https:\/\/ondarebizia.deusto.es\/en\/wp-json\/wp\/v2\/users\/1"}],"replies":[{"embeddable":true,"href":"https:\/\/ondarebizia.deusto.es\/en\/wp-json\/wp\/v2\/comments?post=530"}],"version-history":[{"count":1,"href":"https:\/\/ondarebizia.deusto.es\/en\/wp-json\/wp\/v2\/posts\/530\/revisions"}],"predecessor-version":[{"id":531,"href":"https:\/\/ondarebizia.deusto.es\/en\/wp-json\/wp\/v2\/posts\/530\/revisions\/531"}],"wp:featuredmedia":[{"embeddable":true,"href":"https:\/\/ondarebizia.deusto.es\/en\/wp-json\/wp\/v2\/media\/526"}],"wp:attachment":[{"href":"https:\/\/ondarebizia.deusto.es\/en\/wp-json\/wp\/v2\/media?parent=530"}],"wp:term":[{"taxonomy":"category","embeddable":true,"href":"https:\/\/ondarebizia.deusto.es\/en\/wp-json\/wp\/v2\/categories?post=530"},{"taxonomy":"post_tag","embeddable":true,"href":"https:\/\/ondarebizia.deusto.es\/en\/wp-json\/wp\/v2\/tags?post=530"}],"curies":[{"name":"wp","href":"https:\/\/api.w.org\/{rel}","templated":true}]}}