{"id":134,"date":"2024-05-06T06:31:55","date_gmt":"2024-05-06T06:31:55","guid":{"rendered":"https:\/\/ondarebizia.deusto.es\/?p=134"},"modified":"2024-05-06T08:46:19","modified_gmt":"2024-05-06T08:46:19","slug":"maria-martinez-errusia-1937-1956","status":"publish","type":"post","link":"https:\/\/ondarebizia.deusto.es\/en\/maria-martinez-errusia-1937-1956\/","title":{"rendered":"MAR\u00cdA MART\u00cdNEZ [Errusia, 1937-1956]"},"content":{"rendered":"<div class=\"wp-block-media-text alignwide is-stacked-on-mobile\"><figure class=\"wp-block-media-text__media\"><img loading=\"lazy\" decoding=\"async\" width=\"300\" height=\"224\" src=\"https:\/\/ondarebizia.deusto.es\/wp-content\/uploads\/2024\/05\/e010df0e-f841-f5a3-bb41-0c21b15a296a_300.jpg\" alt=\"\" class=\"wp-image-130 size-full\"\/><\/figure><div class=\"wp-block-media-text__content\"><p><strong>Date of the interview:<\/strong> 6\/9\/2012<\/p><p><strong>Interviewee:<\/strong> Mar\u00eda Mart\u00ednez \u00c1lvarez<\/p><p><strong>Interviewer:<\/strong> Pedro J. Oiarzabal<\/p><p><strong>Language:<\/strong> Espa\u00f1ol \/ Gaztelania<\/p><\/div><\/div><hr class=\"wp-block-separator has-alpha-channel-opacity\"\/><div class=\"wp-block-group alignfull descripcion-completa is-layout-constrained wp-block-group-is-layout-constrained\" id=\"descripcion-completa\"><h3 class='wp-block-heading'>Description<\/h3><p>Mar&iacute;a Mart&iacute;nez &Aacute;lvarez naci&oacute; el 14 de octubre de 1931 (fue inscrita d&iacute;as m&aacute;s tarde en el registro) en Bilbao y ten&iacute;a cinco a&ntilde;os cuando tras matar a su padre en la Guerra Civil, su madre decidi&oacute; enviarle a Rusia junto a sus hermanos Concha de trece y Santiago de siete para dos o tres meses. &ldquo;Fue un recibimiento la verdad apote&oacute;sico&rdquo; el que tuvieron los ni&ntilde;os espa&ntilde;oles en Leningrado, que salieron de Santurce muchos d&iacute;as antes. Inicialmente, su hermano peque&ntilde;o y ella vivieron en un palacete de Crimea hasta que los ni&ntilde;os fueron destinados a diferentes casas dependiendo de la edad y los conocimientos, Mar&iacute;a ingres&oacute; en la misma clase que su hermano, es decir, iba dos a&ntilde;os por delante. Se&ntilde;ala que les cuidaron muy bien en todos los aspectos.<\/p><p><\/p><p>Sin embargo, con el inicio de la II Guerra Mundial les empezaron a evacuar a un poblado a orillas del Volga: empez&oacute; la escasez, las noticias llegadas del frente eran catastr&oacute;ficas, los alemanes se portaron con los rusos de manera extremadamente cruel&hellip; mientras tanto, se produjo la reunificaci&oacute;n familiar con su abuela (fallecer&iacute;a a los pocos a&ntilde;os), su madre y su hermana mayor Pilar en Mosc&uacute;. Fruto de la relaci&oacute;n de su madre con un asturiano (muri&oacute; en la guerra) nacer&iacute;a Enrique, el hermanastro de Mar&iacute;a, en Uzbekist&aacute;n. Describe las dur&iacute;simas condiciones en las que vivieron g&eacute;lidas temperaturas, el hambre&hellip;, pero Mar&iacute;a a&ntilde;ade &ldquo;A pesar de esas dificultades y detalles, que en fin, pero no nos sent&iacute;amos desgraciados, y &iquest;por qu&eacute;? Porque era el mal com&uacute;n&rdquo;&nbsp;tanto entre los espa&ntilde;oles como entre los rusos que les rodeaban. En las casas de los ni&ntilde;os se relacionaban y estudiaban en espa&ntilde;ol, aunque aprendieron ruso como lengua extranjera. Ten&iacute;an un c&iacute;rculo de danza, coros&hellip; todos ten&iacute;an alguna actividad con la que entretenerse, frecuentando despu&eacute;s el c&iacute;rculo espa&ntilde;ol.<\/p><p><\/p><p>Cuando finaliz&oacute; la II Guerra Mundial, su hermana Concha estaba gravemente enferma y a su madre le permitieron ir a Mosc&uacute; para cuidarla, hasta que falleci&oacute;, Mar&iacute;a resume: &ldquo;Otra de la familia que tengo enterrada en Mosc&uacute;, bueno, ya son tres: mi abuela a las afueras de Mosc&uacute;, mi hermana en Mosc&uacute; y mi padrastro cerca de la ciudad de Kursk&rdquo;. Su madre residi&oacute; en casa de unos amigos catalanes hasta que finalmente le concedieron alojamiento al que iban a vivir los hijos a medida que crec&iacute;an y completaban sus estudios ir&iacute;an. Ella estudi&oacute; la carrera de ingenier&iacute;a industrial.<\/p><p><\/p><p>Sin embargo, el anhelo de regresar era m&aacute;s fuerte que los lazos que la un&iacute;an al pa&iacute;s en el que hab&iacute;a residido durante dos d&eacute;cadas y la familia decidi&oacute; que ella ser&iacute;a la primera en volver, buscar parientes y encontrar un hogar para cuando se produjese la reunificaci&oacute;n familiar en su pa&iacute;s natal, ya que:&ldquo;El sentir nuestro y la educaci&oacute;n que recibimos, tanto por parte de los educadores espa&ntilde;oles como por parte de los rusos era que alg&uacute;n d&iacute;a ten&iacute;amos que volver a nuestra patria&rdquo;.<\/p><p><\/p><p>Tras un largo viaje en la Navidad de 1956 Mar&iacute;a lleg&oacute; a Bilbao, con la ayuda de una t&iacute;a consigui&oacute; una vivienda y a los pocos meses lleg&oacute; el resto de la familia, salvo su hermana Aurora, que regresar&iacute;a definitivamente cuando se jubil&oacute;. Los hijos no tardaron en encontrar trabajo, mientras su hermano peque&ntilde;o Enrique segu&iacute;a estudiando. Narra la estricta vigilancia que la polic&iacute;a manten&iacute;a sobre todas las personas llegadas de Rusia, llegando a desplazarse a Madrid para ser interrogada. El cambio de un pa&iacute;s comunista a uno fascista fue muy duro, Mar&iacute;a se&ntilde;ala el gran contraste entre ambos: &ldquo;Al principio, s&iacute; nos sent&iacute;amos felices de estar en nuestro pa&iacute;s, pero al mismo tiempo era todo tan distinto, todo: la vida, la mentalidad de la gente&hellip;&rdquo;. Muchas personas quisieron volver a Rusia y algunos regresaron, en su caso ella no quiso. Con los a&ntilde;os el pa&iacute;s prosper&oacute;, mientras la Uni&oacute;n Sovi&eacute;tica fue retrocediendo y el cambio de la dictadura a la democracia no fue tan chocante como cuando volvieron de Rusia. Tras el fallecimiento de Franco en 1975, la Diputaci&oacute;n empez&oacute; a otorgar ayudas a las viudas de la guerra, pero a la familia de Mar&iacute;a le result&oacute; dif&iacute;cil conseguir documentaci&oacute;n para demostrarlo porque su padre no hab&iacute;a sido inscrito en el registro al nacer y tuvieron encuentros muy raros con algunos funcionarios.<\/p><p><\/p><p>Desde que regres&oacute; a Euskadi, ha visitado Rusia en tres ocasiones: la primera con ocasi&oacute;n de las Olimpiadas con su hijo peque&ntilde;o del que relata &ldquo;volv&iacute; enferma porque las normas de all&iacute; me dolieron&rdquo;&nbsp;refiri&eacute;ndose a la prohibici&oacute;n de que los rusos entrasen en el hotel, el trato en las tiendas fuese m&aacute;s brusco comparado con la amabilidad de antes&hellip; aunque result&oacute; muy emocionante reencontrarse con amigos rusos; en la segunda ocasi&oacute;n quiso mostrar a su hijo donde fue criada ella, y en el 2006 viaj&oacute; con unas amigas. Mantiene una estrecha relaci&oacute;n con muchos &ldquo;Ni&ntilde;os de la Guerra&rdquo;, que estuvieron en Rusia y ha recibido varios homenajes por su condici&oacute;n de &ldquo;Ni&ntilde;a de la Guerra&rdquo;. Hoy en d&iacute;a, Mar&iacute;a no esconde su dolor ante los comentarios de que los &ldquo;Ni&ntilde;os de la Guerra&rdquo; fueron abandonados por sus padres, argumentando que: &ldquo;Lo que quer&iacute;an era salvarnos de los bombardeos, de la muerte&hellip;y que cre&iacute;an que era para poco tiempo, &iquest;c&oacute;mo iban a pensar que nos iban a perder para tantos a&ntilde;os?&rdquo; y en su recuerdo se entremezclan im&aacute;genes de la despedida en el puerto de Santurce con otras de su infancia durante la Guerra Civil.<\/p><\/div>\n            <figure class=\"wp-block-embed is-type-rich is-provider-gestor-del-servicio wp-block-embed-gestor-del-servicio wp-embed-aspect-16-9 wp-has-aspect-ratio\"><div class=\"wp-block-embed__wrapper\">\n            <iframe loading=\"lazy\" title=\"Mar\u00eda Mart\u00ednez. Ondare Bizia\" width=\"500\" height=\"281\" src=\"https:\/\/www.youtube.com\/embed\/Z2qnVaXgr7c?feature=oembed\" frameborder=\"0\" allow=\"accelerometer; autoplay; clipboard-write; encrypted-media; gyroscope; picture-in-picture; web-share\" referrerpolicy=\"strict-origin-when-cross-origin\" allowfullscreen><\/iframe>\n            <\/div><\/figure>\n            <h3 class=\"wp-block-heading\">Interviewee&#8217;s distination<\/h3><div class=\"wp-block-group grupoEntrevista is-layout-flow wp-block-group-is-layout-flow\"><p><strong>Interviewee\u2019s destination city:<\/strong> San Petersburgo \/ \u0421\u0430\u043d\u043a\u0442-\u041f\u0435\u0442\u0435\u0440\u0431\u0443\u0440\u0433<\/p><p><strong>Interviewee\u2019s destination country:<\/strong> Errusia \/ Rusia \/ \u0420\u043e\u0441\u0441\u0438\u044f<\/p><p><strong>Interviewee\u2019s destination region:<\/strong> Ipar-mendebaldeko Barrutia \/  Distrito Federal Noroeste \/ \u0421\u0435\u0432\u0435\u0440\u043e-\u0417\u0430\u043f\u0430\u0434\u043d\u044b\u0439 \u0444\u0435\u0434\u0435\u0440\u0430\u043b\u044c\u043d\u044b\u0439 \u043e\u043a\u0440\u0443\u0433<\/p><\/div><hr class=\"wp-block-separator has-alpha-channel-opacity\"\/><h3 class=\"wp-block-heading\">Key dates<\/h3><div class=\"wp-block-group grupoEntrevista is-layout-flow wp-block-group-is-layout-flow\"><p><strong>Year:<\/strong> 1936<\/p><p><strong>Event:<\/strong> Matan al padre de Mar\u00eda en la Guerra Civil<\/p><\/div><div class=\"wp-block-group grupoEntrevista is-layout-flow wp-block-group-is-layout-flow\"><p><strong>Year:<\/strong> 1941<\/p><p><strong>Event:<\/strong> Con la llegada de la II Guerra Mundial, son evacuados a otras zonas m\u00e1s protegidas<\/p><\/div><div class=\"wp-block-group grupoEntrevista is-layout-flow wp-block-group-is-layout-flow\"><p><strong>Year:<\/strong> 1941<\/p><p><strong>Event:<\/strong> Nace su hermanastro en Uzbekist\u00e1n<\/p><\/div><div class=\"wp-block-group grupoEntrevista is-layout-flow wp-block-group-is-layout-flow\"><p><strong>Year:<\/strong> 1945<\/p><p><strong>Event:<\/strong> La Uni\u00f3n Sovi\u00e9tica celebra el &#8220;D\u00eda de la Victoria&#8221; (9 de mayo)<\/p><\/div><div class=\"wp-block-group grupoEntrevista is-layout-flow wp-block-group-is-layout-flow\"><p><strong>Year:<\/strong> 1949<\/p><p><strong>Event:<\/strong> Su hermana Concha enferma gravemente y fallece<\/p><\/div><div class=\"wp-block-group grupoEntrevista is-layout-flow wp-block-group-is-layout-flow\"><p><strong>Year:<\/strong> 1956<\/p><p><strong>Event:<\/strong> La Cruz Roja comienza a organizar viajes para volver a la patria<\/p><\/div><div class=\"wp-block-group grupoEntrevista is-layout-flow wp-block-group-is-layout-flow\"><p><strong>Year:<\/strong> 1956<\/p><p><strong>Event:<\/strong> Mar\u00eda llega a Bilbao<\/p><\/div><div class=\"wp-block-group grupoEntrevista is-layout-flow wp-block-group-is-layout-flow\"><p><strong>Year:<\/strong> 1957<\/p><p><strong>Event:<\/strong> Llega el resto de su familia a Bilbao (salvo su hermana Aurora)<\/p><\/div><div class=\"wp-block-group grupoEntrevista is-layout-flow wp-block-group-is-layout-flow\"><p><strong>Year:<\/strong> 1957<\/p><p><strong>Event:<\/strong> Interrogatorio policial en Bilbao<\/p><\/div><div class=\"wp-block-group grupoEntrevista is-layout-flow wp-block-group-is-layout-flow\"><p><strong>Year:<\/strong> 1975<\/p><p><strong>Event:<\/strong> Tras el fallecimiento de Francisco Franco, la Diputaci\u00f3n comienza a otorgar ayudas a las viudas de la guerra<\/p><\/div><div class=\"wp-block-group grupoEntrevista is-layout-flow wp-block-group-is-layout-flow\"><p><strong>Year:<\/strong> 1980<\/p><p><strong>Event:<\/strong> Olimpiadas en Mosc\u00fa, primera visita que realiza al pa\u00eds tras su regreso definitivo<\/p><\/div><div class=\"wp-block-group grupoEntrevista is-layout-flow wp-block-group-is-layout-flow\"><p><strong>Year:<\/strong> 1983<\/p><p><strong>Event:<\/strong> Segunda vez que visita Mosc\u00fa tras su retorno<\/p><\/div><div class=\"wp-block-group grupoEntrevista is-layout-flow wp-block-group-is-layout-flow\"><p><strong>Year:<\/strong> 1989<\/p><p><strong>Event:<\/strong> Su hermana Aurora retorna definitivamente<\/p><\/div><div class=\"wp-block-group grupoEntrevista is-layout-flow wp-block-group-is-layout-flow\"><p><strong>Year:<\/strong> 2006<\/p><p><strong>Event:<\/strong> \u00daltima vez que visita Rusia<\/p><\/div><hr class=\"wp-block-separator has-alpha-channel-opacity\"\/><h3 class=\"wp-block-heading\">Interviewee&#8217;s origin<\/h3><p><strong>Country of the interview:<\/strong> Euskadi<\/p><p><strong>Region of the interview:<\/strong> Bizkaia<\/p><p><strong>City of the interview:<\/strong> Bilbao<\/p><hr class=\"wp-block-separator has-alpha-channel-opacity\"\/><h3 class=\"wp-block-heading\">Place of the interview<\/h3><p><strong>Country of the interview:<\/strong> Euskadi<\/p><p><strong>Region of the interview:<\/strong> Bizkaia<\/p><p><strong>City of the interview:<\/strong> Getxo<\/p><hr class=\"wp-block-separator has-alpha-channel-opacity\"\/><h3 class=\"wp-block-heading\"><\/h3><p><strong>People mentioned in the interview:<\/strong> Vincent\t \tAlcober, Carmen \t \tArrar\u00e1s, Consuelo \t \tBastos, Francisco\t \tFranco, Pepe \t \tGonzalez, Concha\t \tMart\u00ednez, Santiago\t \tMart\u00ednez, Panshin, Jos\u00e9\t \tP\u00e9rez, Milagros \t \tReguera, Iosif\t \tStalin<\/p><p><strong>Places mentioned in the interview:<\/strong> Frantzia\t \/ \tFrancia\t \/ \tFrance, Hendaia\t \/ \tHendaya\t \/ \tHendaye, Mosku\t \/ \tMosc\u00fa\t \/ \t\u041c\u043e\u0441\u043a\u0432\u0430, Asturias\t\t\t \/ \tAsturies, Eupatoria \t\t\t \/ \t\u0404\u0432\u043f\u0430\u0442\u043e\u0440\u0456\u044f, Kurks \t\t\t \/ \t\u041a\u0443\u0440\u0441\u043a, San Petersburgo ( antigua Leningrado )\t\t\t \/ \t\u0421\u0430\u043d\u043a\u0442-\u041f\u0435\u0442\u0435\u0440\u0431\u0443\u0440\u0433, Sar\u00e1tov\t\t\t \/ \t\u0421\u0430\u0440\u0430\u0442\u043e\u0432, Araba\t \/ \t\u00c1lava, Bartzelona\t \/ \tBarcelona, Castell\u00f3\t \/ \tCastell\u00f3n, Euskadi\t \/ \tPa\u00eds Vasco, Galizia\t \/ \tGalicia, Madril\t \/ \tMadrid, Algorta, Bilbao, Briones, Odesa, Paris, Santo\u00f1a, Santurtzi, Ubide, Uzbekist\u00e1n, Valencia<\/p><hr class=\"wp-block-separator has-alpha-channel-opacity\"\/><p><strong>Categories:<\/strong><ul class=\"post-categories\"><li><a href=\"https:\/\/ondarebizia.deusto.es\/en\/category\/education\/\" title=\"Education\">Education<\/a><\/li><li><a href=\"https:\/\/ondarebizia.deusto.es\/en\/category\/family-life\/\" title=\"Family life\">Family life<\/a><\/li><li><a href=\"https:\/\/ondarebizia.deusto.es\/en\/category\/francos-dictatorship\/\" title=\"Franco&#039;s dictatorship\">Franco&#039;s dictatorship<\/a><\/li><li><a href=\"https:\/\/ondarebizia.deusto.es\/en\/category\/languages\/\" title=\"Languages\">Languages<\/a><\/li><li><a href=\"https:\/\/ondarebizia.deusto.es\/en\/category\/living-in-another-country\/\" title=\"Living in another country\">Living in another country<\/a><\/li><li><a href=\"https:\/\/ondarebizia.deusto.es\/en\/category\/other\/\" title=\"Other\">Other<\/a><\/li><li><a href=\"https:\/\/ondarebizia.deusto.es\/en\/category\/other-countries\/\" title=\"Other countries\">Other countries<\/a><\/li><li><a href=\"https:\/\/ondarebizia.deusto.es\/en\/category\/permanent-return\/\" title=\"Permanent return\">Permanent return<\/a><\/li><li><a href=\"https:\/\/ondarebizia.deusto.es\/en\/category\/politics\/\" title=\"Politics\">Politics<\/a><\/li><li><a href=\"https:\/\/ondarebizia.deusto.es\/en\/category\/second-world-war\/\" title=\"Second World War\">Second World War<\/a><\/li><li><a href=\"https:\/\/ondarebizia.deusto.es\/en\/category\/spanish-civil-war\/\" title=\"Spanish Civil War\">Spanish Civil War<\/a><\/li><li><a href=\"https:\/\/ondarebizia.deusto.es\/en\/category\/the-war-children\/\" title=\"The war children\">The war children<\/a><\/li><\/ul>","protected":false},"excerpt":{"rendered":"<p>Date of the interview: 6\/9\/2012 Interviewee: Mar\u00eda Mart\u00ednez \u00c1lvarez Interviewer: Pedro J. Oiarzabal Language: Espa\u00f1ol \/ Gaztelania Description Mar&iacute;a Mart&iacute;nez [&hellip;]<\/p>\n","protected":false},"author":1,"featured_media":130,"comment_status":"closed","ping_status":"closed","sticky":false,"template":"","format":"standard","meta":{"site-sidebar-layout":"default","site-content-layout":"","ast-site-content-layout":"default","site-content-style":"default","site-sidebar-style":"default","ast-global-header-display":"","ast-banner-title-visibility":"","ast-main-header-display":"","ast-hfb-above-header-display":"","ast-hfb-below-header-display":"","ast-hfb-mobile-header-display":"","site-post-title":"","ast-breadcrumbs-content":"","ast-featured-img":"","footer-sml-layout":"","ast-disable-related-posts":"","theme-transparent-header-meta":"","adv-header-id-meta":"","stick-header-meta":"","header-above-stick-meta":"","header-main-stick-meta":"","header-below-stick-meta":"","astra-migrate-meta-layouts":"default","ast-page-background-enabled":"default","ast-page-background-meta":{"desktop":{"background-color":"var(--ast-global-color-4)","background-image":"","background-repeat":"repeat","background-position":"center center","background-size":"auto","background-attachment":"scroll","background-type":"","background-media":"","overlay-type":"","overlay-color":"","overlay-opacity":"","overlay-gradient":""},"tablet":{"background-color":"","background-image":"","background-repeat":"repeat","background-position":"center center","background-size":"auto","background-attachment":"scroll","background-type":"","background-media":"","overlay-type":"","overlay-color":"","overlay-opacity":"","overlay-gradient":""},"mobile":{"background-color":"","background-image":"","background-repeat":"repeat","background-position":"center center","background-size":"auto","background-attachment":"scroll","background-type":"","background-media":"","overlay-type":"","overlay-color":"","overlay-opacity":"","overlay-gradient":""}},"ast-content-background-meta":{"desktop":{"background-color":"var(--ast-global-color-5)","background-image":"","background-repeat":"repeat","background-position":"center center","background-size":"auto","background-attachment":"scroll","background-type":"","background-media":"","overlay-type":"","overlay-color":"","overlay-opacity":"","overlay-gradient":""},"tablet":{"background-color":"var(--ast-global-color-5)","background-image":"","background-repeat":"repeat","background-position":"center center","background-size":"auto","background-attachment":"scroll","background-type":"","background-media":"","overlay-type":"","overlay-color":"","overlay-opacity":"","overlay-gradient":""},"mobile":{"background-color":"var(--ast-global-color-5)","background-image":"","background-repeat":"repeat","background-position":"center center","background-size":"auto","background-attachment":"scroll","background-type":"","background-media":"","overlay-type":"","overlay-color":"","overlay-opacity":"","overlay-gradient":""}},"footnotes":""},"categories":[270,203,200,266,197,312,272,198,487,589,195,196],"tags":[],"class_list":["post-134","post","type-post","status-publish","format-standard","has-post-thumbnail","hentry","category-education","category-family-life","category-francos-dictatorship","category-languages","category-living-in-another-country","category-other","category-other-countries","category-permanent-return","category-politics","category-second-world-war","category-spanish-civil-war","category-the-war-children","pais-de-destino-del-entrevistado-errusia-rusia--en","ciudad-o-municipio-de-destino-de-san-petersburgo---en","pais-del-entrevistado-a-euskadi-en","ciudad-o-municipio-del-entrevist-bilbao-en","personas-citadas-carmen-arraras-en","personas-citadas-concha-martinez-en","personas-citadas-consuelo-bastos-en","personas-citadas-francisco-franco-en","personas-citadas-iosif-stalin-en","personas-citadas-jose-perez-en","personas-citadas-milagros-reguera-en","personas-citadas-panshin-en","personas-citadas-pepe-gonzalez-en","personas-citadas-santiago-martinez-en","personas-citadas-vincent-alcober-en","lugares-citados-algorta-en","lugares-citados-araba-alava-en","lugares-citados-asturias-asturies-en","lugares-citados-bartzelona-barcelona-en","lugares-citados-bilbao-en","lugares-citados-briones-en","lugares-citados-castello-castellon-en","lugares-citados-eupatoria--en","lugares-citados-euskadi-pais-vasco-en","lugares-citados-frantzia-francia-france-en","lugares-citados-galizia-galicia-en","lugares-citados-hendaia-hendaya-hendaye-en","lugares-citados-kurks--en","lugares-citados-madril-madrid-en","lugares-citados-mosku-moscu--en","lugares-citados-odesa-en","lugares-citados-paris-en","lugares-citados-san-petersburgo-antigua-leningrado---en","lugares-citados-santona-en","lugares-citados-santurtzi-en","lugares-citados-saratov--en","lugares-citados-ubide-en","lugares-citados-uzbekistan-en","lugares-citados-valencia-en","fechas-relevantes-1936-en","fechas-relevantes-1941-en","fechas-relevantes-1945-en","fechas-relevantes-1949-en","fechas-relevantes-1956-en","fechas-relevantes-1957-en","fechas-relevantes-1975-en","fechas-relevantes-1980-en","fechas-relevantes-1983-en","fechas-relevantes-1989-en","fechas-relevantes-2006-en","entrevistador-a-pedro-j-oiarzabal-en"],"_links":{"self":[{"href":"https:\/\/ondarebizia.deusto.es\/en\/wp-json\/wp\/v2\/posts\/134","targetHints":{"allow":["GET"]}}],"collection":[{"href":"https:\/\/ondarebizia.deusto.es\/en\/wp-json\/wp\/v2\/posts"}],"about":[{"href":"https:\/\/ondarebizia.deusto.es\/en\/wp-json\/wp\/v2\/types\/post"}],"author":[{"embeddable":true,"href":"https:\/\/ondarebizia.deusto.es\/en\/wp-json\/wp\/v2\/users\/1"}],"replies":[{"embeddable":true,"href":"https:\/\/ondarebizia.deusto.es\/en\/wp-json\/wp\/v2\/comments?post=134"}],"version-history":[{"count":1,"href":"https:\/\/ondarebizia.deusto.es\/en\/wp-json\/wp\/v2\/posts\/134\/revisions"}],"predecessor-version":[{"id":135,"href":"https:\/\/ondarebizia.deusto.es\/en\/wp-json\/wp\/v2\/posts\/134\/revisions\/135"}],"wp:featuredmedia":[{"embeddable":true,"href":"https:\/\/ondarebizia.deusto.es\/en\/wp-json\/wp\/v2\/media\/130"}],"wp:attachment":[{"href":"https:\/\/ondarebizia.deusto.es\/en\/wp-json\/wp\/v2\/media?parent=134"}],"wp:term":[{"taxonomy":"category","embeddable":true,"href":"https:\/\/ondarebizia.deusto.es\/en\/wp-json\/wp\/v2\/categories?post=134"},{"taxonomy":"post_tag","embeddable":true,"href":"https:\/\/ondarebizia.deusto.es\/en\/wp-json\/wp\/v2\/tags?post=134"}],"curies":[{"name":"wp","href":"https:\/\/api.w.org\/{rel}","templated":true}]}}